{"id":31172,"date":"2017-02-11T10:01:24","date_gmt":"2017-02-11T16:01:24","guid":{"rendered":"https:\/\/radiowebmx.com\/nota\/?p=31172"},"modified":"2017-02-13T10:03:57","modified_gmt":"2017-02-13T16:03:57","slug":"ayuntamiento-invita-a-conferencia-historica-la-reforma-liberal-al-interior-del-convento-de-las-monjas-dominicas","status":"publish","type":"post","link":"https:\/\/radiowebmx.com\/nota\/ayuntamiento-invita-a-conferencia-historica-la-reforma-liberal-al-interior-del-convento-de-las-monjas-dominicas\/","title":{"rendered":"Ayuntamiento invita a conferencia hist\u00f3rica \u201cLa Reforma Liberal al Interior del Convento de las Monjas Dominicas\u201d"},"content":{"rendered":"<p><img loading=\"lazy\" decoding=\"async\" class=\"alignleft size-full wp-image-31175\" src=\"https:\/\/radiowebmx.com\/nota\/wp-content\/uploads\/2017\/02\/9a91c640-b1f4-4883-a4b0-d2916c89f29f.jpg\" alt=\"Microsoft Word - Inv.docx\" width=\"709\" height=\"418\" srcset=\"https:\/\/radiowebmx.com\/nota\/wp-content\/uploads\/2017\/02\/9a91c640-b1f4-4883-a4b0-d2916c89f29f.jpg 709w, https:\/\/radiowebmx.com\/nota\/wp-content\/uploads\/2017\/02\/9a91c640-b1f4-4883-a4b0-d2916c89f29f-300x177.jpg 300w\" sizes=\"auto, (max-width: 709px) 100vw, 709px\" \/><\/p>\n<p>&nbsp;<\/p>\n<p>El Ayuntamiento de Morelia a trav\u00e9s del Archivo Hist\u00f3rico Municipal invita a la conferencia \u201cLa Reforma Liberal al Interior del Convento de las Monjas Dominicas\u201d, que estar\u00e1 a cargo de la Maestra en Historia e investigadora, Cristina Fonseca Ram\u00edrez, a realizarse el pr\u00f3ximo 14 de febrero al filo de las 18:00 horas en las instalaciones de la misma dependencia.<\/p>\n<p>Lo anterior en aras de promover la cultura como una de las l\u00edneas de actuaci\u00f3n de la Administraci\u00f3n Municipal que encabeza el Alcalde, Alfonso Mart\u00ednez Alc\u00e1zar, para fortalecer los valores que nos dan identidad.<\/p>\n<p>Respecto a la ponente,\u00a0la Jefa del Archivo Hist\u00f3rico Municipal de Morelia, Martha Estela Su\u00e1rez Cerda, destac\u00f3 que la investigadora ha publicado diversos libros y ha tenido participaciones en ponencias, por lo que esta conferencia va m\u00e1s all\u00e1 de la historia en general, sino que se focaliza a un capitulo que se vivi\u00f3 en la ciudad con los cambios pol\u00edticos del pa\u00eds y su repercusi\u00f3n en el sector eclesi\u00e1stico.<\/p>\n<p>Es de\u00a0 mencionar que la Reforma Liberal llevada a cabo de 1855- 1860\u00a0consisti\u00f3 en una serie de leyes que\u00a0quitaba\u00a0a la iglesia el poder econ\u00f3mico que gozaba en ese entonces.<\/p>\n<p>Quienes deseen asistir a la conferencia, deber\u00e1n acudir a las instalaciones del Archivo Hist\u00f3rico Municipal de Morelia, ubicadas sobre la calle Galeana 302, en el Primer Cuadro de la Ciudad.<\/p>\n<p>De esta forma el Ayuntamiento de Morelia promueve la cultura y difunde la historia de la capital de Michoac\u00e1n, con la participaci\u00f3n de destacados acad\u00e9micos.<\/p>\n","protected":false},"excerpt":{"rendered":"<p>El Ayuntamiento de Morelia a trav\u00e9s del Archivo Hist\u00f3rico Municipal invita a la conferencia \u201cLa Reforma Liberal al Interior del Convento de las Monjas Dominicas\u201d, que estar\u00e1 a cargo de la Maestra en Historia e investigadora, Cristina Fonseca Ram\u00edrez, a realizarse el pr\u00f3ximo 14 de febrero al filo de las 18:00 horas en las instalaciones de la misma dependencia.<\/p>\n","protected":false},"author":1,"featured_media":31175,"comment_status":"open","ping_status":"open","sticky":false,"template":"","format":"standard","meta":{"footnotes":""},"categories":[14,9],"tags":[],"class_list":["post-31172","post","type-post","status-publish","format-standard","has-post-thumbnail","hentry","category-destacadas","category-morelia"],"_links":{"self":[{"href":"https:\/\/radiowebmx.com\/nota\/wp-json\/wp\/v2\/posts\/31172","targetHints":{"allow":["GET"]}}],"collection":[{"href":"https:\/\/radiowebmx.com\/nota\/wp-json\/wp\/v2\/posts"}],"about":[{"href":"https:\/\/radiowebmx.com\/nota\/wp-json\/wp\/v2\/types\/post"}],"author":[{"embeddable":true,"href":"https:\/\/radiowebmx.com\/nota\/wp-json\/wp\/v2\/users\/1"}],"replies":[{"embeddable":true,"href":"https:\/\/radiowebmx.com\/nota\/wp-json\/wp\/v2\/comments?post=31172"}],"version-history":[{"count":3,"href":"https:\/\/radiowebmx.com\/nota\/wp-json\/wp\/v2\/posts\/31172\/revisions"}],"predecessor-version":[{"id":31177,"href":"https:\/\/radiowebmx.com\/nota\/wp-json\/wp\/v2\/posts\/31172\/revisions\/31177"}],"wp:featuredmedia":[{"embeddable":true,"href":"https:\/\/radiowebmx.com\/nota\/wp-json\/wp\/v2\/media\/31175"}],"wp:attachment":[{"href":"https:\/\/radiowebmx.com\/nota\/wp-json\/wp\/v2\/media?parent=31172"}],"wp:term":[{"taxonomy":"category","embeddable":true,"href":"https:\/\/radiowebmx.com\/nota\/wp-json\/wp\/v2\/categories?post=31172"},{"taxonomy":"post_tag","embeddable":true,"href":"https:\/\/radiowebmx.com\/nota\/wp-json\/wp\/v2\/tags?post=31172"}],"curies":[{"name":"wp","href":"https:\/\/api.w.org\/{rel}","templated":true}]}}