{"id":31166,"date":"2017-02-11T09:55:43","date_gmt":"2017-02-11T15:55:43","guid":{"rendered":"https:\/\/radiowebmx.com\/nota\/?p=31166"},"modified":"2017-02-13T09:57:33","modified_gmt":"2017-02-13T15:57:33","slug":"alfonso-martinez-da-bienvenida-a-jovenes-que-cumpliran-con-su-servicio-militar","status":"publish","type":"post","link":"https:\/\/radiowebmx.com\/nota\/alfonso-martinez-da-bienvenida-a-jovenes-que-cumpliran-con-su-servicio-militar\/","title":{"rendered":"Alfonso Mart\u00ednez da bienvenida a j\u00f3venes que cumplir\u00e1n con su servicio militar"},"content":{"rendered":"<p><img loading=\"lazy\" decoding=\"async\" class=\"alignleft size-full wp-image-31167\" src=\"https:\/\/radiowebmx.com\/nota\/wp-content\/uploads\/2017\/02\/7c6e3ee1-745d-4da2-951b-d5eb0c149793.jpg\" alt=\"7c6e3ee1-745d-4da2-951b-d5eb0c149793\" width=\"709\" height=\"472\" srcset=\"https:\/\/radiowebmx.com\/nota\/wp-content\/uploads\/2017\/02\/7c6e3ee1-745d-4da2-951b-d5eb0c149793.jpg 709w, https:\/\/radiowebmx.com\/nota\/wp-content\/uploads\/2017\/02\/7c6e3ee1-745d-4da2-951b-d5eb0c149793-300x200.jpg 300w\" sizes=\"auto, (max-width: 709px) 100vw, 709px\" \/><\/p>\n<p>&nbsp;<\/p>\n<p>El Presidente Municipal de Morelia, Alfonso Mart\u00ednez Alc\u00e1zar, encabez\u00f3 este s\u00e1bado el acto de bienvenida a los j\u00f3venes de la generaci\u00f3n 1998, los cuales realizar\u00e1n a lo largo del presente a\u00f1o su servicio militar, obligaci\u00f3n constitucional con la cual reforzar\u00e1n el sentimiento de defensa de la soberan\u00eda nacional al tiempo que recibir\u00e1n una fase de capacitaci\u00f3n sobre los conocimientos b\u00e1sicos de la doctrina militar vigente.<\/p>\n<p>Con la presencia del General de Brigada, Diplomado de Estado Mayor, Jos\u00e9 Francisco Morales C\u00e1zares, Comandante de la XXI Zona Militar, el jefe de la comuna moreliana se mostr\u00f3 complacido al advertir la seriedad y responsabilidad con la cual los j\u00f3venes acuden a cumplir con sus responsabilidades como ciudadanos.<\/p>\n<p>Por su parte, el Comandante del Centro de Adiestramiento del Servicio Militar en Morelia, Francisco Acu\u00f1a D\u00edaz, dio la bienvenida a los reclutados, entre los que se incluyen anticipados, remisos y mujeres voluntarias.<\/p>\n<p>Dijo que a partir de la capacitaci\u00f3n que se les impartir\u00e1, tendr\u00e1n estos la posibilidad de interactuar con las fuerzas armadas, fortalecer una identidad de lealtad, patriotismo y disciplina, adem\u00e1s de recibir una formaci\u00f3n como ciudadanos de suma integridad humana.<\/p>\n<p>Destac\u00f3 que los sentimientos de unidad nacional y amor a la patria, son los principales alicientes a impartir a los reclutados, en aras de establecer los cimientos en la creaci\u00f3n de una sociedad confiable y de progreso para el pa\u00eds.<\/p>\n","protected":false},"excerpt":{"rendered":"<p>El Presidente Municipal de Morelia, Alfonso Mart\u00ednez Alc\u00e1zar, encabez\u00f3 este s\u00e1bado el acto de bienvenida a los j\u00f3venes de la generaci\u00f3n 1998, los cuales realizar\u00e1n a lo largo del presente a\u00f1o su servicio militar, obligaci\u00f3n constitucional con la cual reforzar\u00e1n el sentimiento de defensa de la soberan\u00eda nacional al tiempo que recibir\u00e1n una fase de capacitaci\u00f3n sobre los conocimientos b\u00e1sicos de la doctrina militar vigente.<\/p>\n","protected":false},"author":1,"featured_media":31167,"comment_status":"open","ping_status":"open","sticky":false,"template":"","format":"standard","meta":{"footnotes":""},"categories":[14,9],"tags":[],"class_list":["post-31166","post","type-post","status-publish","format-standard","has-post-thumbnail","hentry","category-destacadas","category-morelia"],"_links":{"self":[{"href":"https:\/\/radiowebmx.com\/nota\/wp-json\/wp\/v2\/posts\/31166","targetHints":{"allow":["GET"]}}],"collection":[{"href":"https:\/\/radiowebmx.com\/nota\/wp-json\/wp\/v2\/posts"}],"about":[{"href":"https:\/\/radiowebmx.com\/nota\/wp-json\/wp\/v2\/types\/post"}],"author":[{"embeddable":true,"href":"https:\/\/radiowebmx.com\/nota\/wp-json\/wp\/v2\/users\/1"}],"replies":[{"embeddable":true,"href":"https:\/\/radiowebmx.com\/nota\/wp-json\/wp\/v2\/comments?post=31166"}],"version-history":[{"count":1,"href":"https:\/\/radiowebmx.com\/nota\/wp-json\/wp\/v2\/posts\/31166\/revisions"}],"predecessor-version":[{"id":31168,"href":"https:\/\/radiowebmx.com\/nota\/wp-json\/wp\/v2\/posts\/31166\/revisions\/31168"}],"wp:featuredmedia":[{"embeddable":true,"href":"https:\/\/radiowebmx.com\/nota\/wp-json\/wp\/v2\/media\/31167"}],"wp:attachment":[{"href":"https:\/\/radiowebmx.com\/nota\/wp-json\/wp\/v2\/media?parent=31166"}],"wp:term":[{"taxonomy":"category","embeddable":true,"href":"https:\/\/radiowebmx.com\/nota\/wp-json\/wp\/v2\/categories?post=31166"},{"taxonomy":"post_tag","embeddable":true,"href":"https:\/\/radiowebmx.com\/nota\/wp-json\/wp\/v2\/tags?post=31166"}],"curies":[{"name":"wp","href":"https:\/\/api.w.org\/{rel}","templated":true}]}}