{"id":31162,"date":"2017-02-11T09:54:48","date_gmt":"2017-02-11T15:54:48","guid":{"rendered":"https:\/\/radiowebmx.com\/nota\/?p=31162"},"modified":"2017-02-13T09:55:23","modified_gmt":"2017-02-13T15:55:23","slug":"dan-bienvenida-a-soldados-del-smn-clase-1998","status":"publish","type":"post","link":"https:\/\/radiowebmx.com\/nota\/dan-bienvenida-a-soldados-del-smn-clase-1998\/","title":{"rendered":"Dan bienvenida a soldados del SMN clase 1998"},"content":{"rendered":"<p><img loading=\"lazy\" decoding=\"async\" class=\"alignleft size-full wp-image-31163\" src=\"https:\/\/radiowebmx.com\/nota\/wp-content\/uploads\/2017\/02\/38560b51-a683-4bd2-a266-078f8aebbad5.jpeg\" alt=\"38560b51-a683-4bd2-a266-078f8aebbad5\" width=\"709\" height=\"472\" srcset=\"https:\/\/radiowebmx.com\/nota\/wp-content\/uploads\/2017\/02\/38560b51-a683-4bd2-a266-078f8aebbad5.jpeg 709w, https:\/\/radiowebmx.com\/nota\/wp-content\/uploads\/2017\/02\/38560b51-a683-4bd2-a266-078f8aebbad5-300x200.jpeg 300w\" sizes=\"auto, (max-width: 709px) 100vw, 709px\" \/><\/p>\n<p>&nbsp;<\/p>\n<p><strong>Morelia, Michoac\u00e1n, a 11 de febrero del 2017.-<\/strong> Este s\u00e1bado, autoridades militares, estatales y municipales, dieron la bienvenida a los 297 conscriptos y 5 mujeres voluntarias, que formar\u00e1n parte del Servicio Militar Nacional Clase 1998, en las instalaciones de la 21 Zona Militar de la capital michoacana.<\/p>\n<p>Encabezados por el comandante de la 21 Zona Militar, general Jos\u00e9 Francisco Morales C\u00e1zares, la banda de guerra y escolta con bandera del 12 Batall\u00f3n de Infanter\u00eda, as\u00ed como familiares del personal que cumplir\u00e1 con sus obligaciones militares, participaron del acto c\u00edvico del inicio de actividades de esta clase.<\/p>\n<p>A partir del 11 de febrero y hasta el 2 de diciembre del 2017, los conscriptos y las mujeres voluntarias, ser\u00e1n capacitados en los centros de adiestramiento del 12 y 17 Batallones de Infanter\u00eda de Morelia y Zamora, respectivamente, y de la 5 Compa\u00f1\u00eda de Infanter\u00eda no Encuadrada ubicada en Tac\u00e1mbaro, con el objeto de reforzar los valores morales, \u00e9ticos, c\u00edvicos y patri\u00f3ticos, imparti\u00e9ndoles las materias de educaci\u00f3n f\u00edsica, sanidad militar, legislaci\u00f3n militar e instrucci\u00f3n de orden cerrado.<\/p>\n<p>Con estas acciones, se refrenda el compromiso de trabajar incansablemente en beneficio de la sociedad mexicana, propiciando condiciones que coadyuven en el desarrollo y bienestar del pa\u00eds.<\/p>\n<p>Tambi\u00e9n estuvieron presentes en la ceremonia Alfonso Mart\u00ednez Alc\u00e1zar, presidente municipal y titular de la Junta Municipal de Reclutamiento de Morelia; el general Ra\u00fal Ru\u00edz Rodr\u00edguez, jefe del Estado Mayor de Cargo de la 21 Zona Militar; el coronel Francisco Acu\u00f1a D\u00edaz, comandante del 12 Batall\u00f3n de Infanter\u00eda; el teniente Josu\u00e9 Barr\u00f3n Sevilla, segundo comandante y jefe del Grupo de Comando del 12 Batall\u00f3n de Infanter\u00eda; as\u00ed como Laura Patricia Mart\u00ednez y Mart\u00ednez, operadora de la Junta Municipal de Reclutamiento.<\/p>\n","protected":false},"excerpt":{"rendered":"<p> Este s\u00e1bado, autoridades militares, estatales y municipales, dieron la bienvenida a los 297 conscriptos y 5 mujeres voluntarias, que formar\u00e1n parte del Servicio Militar Nacional Clase 1998, en las instalaciones de la 21 Zona Militar de la capital michoacana.<\/p>\n","protected":false},"author":1,"featured_media":31163,"comment_status":"open","ping_status":"open","sticky":false,"template":"","format":"standard","meta":{"footnotes":""},"categories":[14,3],"tags":[],"class_list":["post-31162","post","type-post","status-publish","format-standard","has-post-thumbnail","hentry","category-destacadas","category-gobierno-del-estado-de-michoacan"],"_links":{"self":[{"href":"https:\/\/radiowebmx.com\/nota\/wp-json\/wp\/v2\/posts\/31162","targetHints":{"allow":["GET"]}}],"collection":[{"href":"https:\/\/radiowebmx.com\/nota\/wp-json\/wp\/v2\/posts"}],"about":[{"href":"https:\/\/radiowebmx.com\/nota\/wp-json\/wp\/v2\/types\/post"}],"author":[{"embeddable":true,"href":"https:\/\/radiowebmx.com\/nota\/wp-json\/wp\/v2\/users\/1"}],"replies":[{"embeddable":true,"href":"https:\/\/radiowebmx.com\/nota\/wp-json\/wp\/v2\/comments?post=31162"}],"version-history":[{"count":1,"href":"https:\/\/radiowebmx.com\/nota\/wp-json\/wp\/v2\/posts\/31162\/revisions"}],"predecessor-version":[{"id":31164,"href":"https:\/\/radiowebmx.com\/nota\/wp-json\/wp\/v2\/posts\/31162\/revisions\/31164"}],"wp:featuredmedia":[{"embeddable":true,"href":"https:\/\/radiowebmx.com\/nota\/wp-json\/wp\/v2\/media\/31163"}],"wp:attachment":[{"href":"https:\/\/radiowebmx.com\/nota\/wp-json\/wp\/v2\/media?parent=31162"}],"wp:term":[{"taxonomy":"category","embeddable":true,"href":"https:\/\/radiowebmx.com\/nota\/wp-json\/wp\/v2\/categories?post=31162"},{"taxonomy":"post_tag","embeddable":true,"href":"https:\/\/radiowebmx.com\/nota\/wp-json\/wp\/v2\/tags?post=31162"}],"curies":[{"name":"wp","href":"https:\/\/api.w.org\/{rel}","templated":true}]}}