{"id":3113,"date":"2013-07-08T11:31:25","date_gmt":"2013-07-08T16:31:25","guid":{"rendered":"https:\/\/radiowebmx.com\/nota\/?p=3113"},"modified":"2013-08-05T13:59:39","modified_gmt":"2013-08-05T18:59:39","slug":"temas-de-cafe-61","status":"publish","type":"post","link":"https:\/\/radiowebmx.com\/nota\/temas-de-cafe-61\/","title":{"rendered":"TEMAS DE CAF\u00c9"},"content":{"rendered":"<ul>\n<li>SI HUMBERTO HABLARA<\/li>\n<li>EL QUE SE ENOJA PIERDE<\/li>\n<li>UN CICLO ESCOLAR GRIS<\/li>\n<li>3 MUNICIPIOS SIN TOROS<\/li>\n<\/ul>\n<p>Hay una premisa que los pol\u00edticos y hombres de Estado no deben olvidar: no tienen permiso ni derecho a enojarse, por otra parte \u00a0hay un dicho popular que se\u00f1ala, que quien se enoja pierde y precisamente eso le pas\u00f3 al diputado local Juan Carlos Orihuela, quien pertenece a una familia pol\u00edtica ampliamente conocida en el oriente michoacano, ya que es hijo de Ignacio Orihuela, quien ha sido candidato a la presidencia, sobrino de Chon Orihuela, quien ha sido de todo, actualmente es senador de la rep\u00fablica, solamente le falta ser gobernador del estado, primo de Antonio Ixtl\u00e1huac, quien ha sido diputado local y presidente municipal, adem\u00e1s su abuelo Chon, fue gran amigo del general L\u00e1zaro C\u00e1rdenas del R\u00edo.<\/p>\n<p>JAVIER RUEDA UN PERIODISTA INCOMODO<\/p>\n<p>Quienes conocemos a Javier Rueda, sabemos que desde luego es un periodista inc\u00f3modo, gusta de hacer preguntas que generalmente los reporteros se guardan por discreci\u00f3n o temor, pero Javier no y nos cuentan que en varias ocasiones, sus preguntas han hecho que los pol\u00edticos, den por terminadas las conferencias, porque es inc\u00f3modo, y dentro de su l\u00ednea Javier le pregunt\u00f3 a Juan Carlos Orihuela, lo que la gente comenta en Zit\u00e1cuaro y pueblos cercanos, debemos recordar que Javier es de Zit\u00e1cuaro, por lo cual sabe lo que dice la gente de por all\u00e1, de que su familia tiene relaciones extra\u00f1as.<\/p>\n<p>Suponemos que no es la primera vez, que Juan Carlos escucha algo\u00a0 parecido, por lo que pensamos ya tendr\u00eda una respuesta adecuada a estos cuestionamientos, pero nos cuentan que Juan Carlos, a quien todav\u00eda podemos calificar de joven, mont\u00f3 en c\u00f3lera y le revir\u00f3 la pregunta a Javier, le dijo que m\u00e1s bien \u00e9l ten\u00eda relaciones peligrosas con grupos extra\u00f1os, poco despu\u00e9s con la cabeza fr\u00eda Juan Carlos, envi\u00f3 a un propio, para hablar con Javier para reducir la situaci\u00f3n y esperamos que todo quede en un altercado\u00a0 y no pase a mayores, para la an\u00e9cdota pol\u00edtica.<\/p>\n<p>Conocemos a Juan Carlos ha sido siempre un joven inquieto, algo inmaduro pero nada m\u00e1s, desde luego por la familia a la cual pertenece, puede tener disgustos pero tambi\u00e9n alegr\u00edas y privilegios, ya que su familia es cien por ciento pol\u00edtica, por eso consideramos tiene proyecto pol\u00edtico, pensamos \u00a0estar\u00e1 buscando la candidatura a una diputaci\u00f3n federal, ni siquiera la presidencia municipal, donde pas\u00f3 su primo Antonio Ixtl\u00e1huac, y despu\u00e9s seguir los pasos de su t\u00edo Chon Orihuela, quien es por segunda ocasi\u00f3n senador de la rep\u00fablica y ha buscado en varias ocasiones, ser candidato a gobernador del estado y creemos lo seguir\u00e1 intentando, por lo\u00a0 cual Juan Carlos debe moderar su car\u00e1cter, y recordar que la familia no se escoge, se nace en ella y se tiene que llevar a la par, cr\u00edticas y elogios.<\/p>\n<p>SI HUMBERTO SUAREZ HABLARA, GENERARIA SISMOS<\/p>\n<p>Tomando en consideraci\u00f3n lo que \u00a0ha sucedido, en las \u00faltimas semanas con Humberto Su\u00e1rez, recordando que estuvo nueve a\u00f1os al frente de la Secretaria de Finanzas del gobierno, seis con L\u00e1zaro C\u00e1rdenas Batel y tres con Leonel Godoy,\u00a0 recordamos hace tiempo apareci\u00f3 una lista, donde se mostraban a pol\u00edticos, empresarios y\u00a0 periodistas, con adeudos logrados principalmente en la administraci\u00f3n de L\u00e1zaro y parte de Leonel, que nunca se saldaron y que el Gobierno los hab\u00eda cancelado.<\/p>\n<p>Por el tiempo, el dinero y la\u00a0 fuerza que lleg\u00f3 a tener Humberto Su\u00e1rez en los seis a\u00f1os de L\u00e1zaro y tres de Leonel, Humberto cumpli\u00f3 diversas \u00f3rdenes, principalmente de cr\u00e9ditos para diversos personajes, muchos de los cuales han olvidado de pronto todos esos favores, de los cuales seguramente Humberto no solamente tiene documentos, sino v\u00eddeos y audios, tomando en cuenta que su\u00a0 tiempo, coincidi\u00f3 con las grabaciones de Carlos Ahumada en sus oficinas.<\/p>\n<p>Recuerde que hubo varios videos, entre ellos el m\u00e1s conocido de Bejarano e Imaz y otros personajes, pues recordamos que Humberto generalmente despachaba en su casa, no en la sede de Ventura Puente de la Secretar\u00eda de Finanzas, por lo cual ser\u00eda muy divertido que Humberto hablara, de todos los favores que los gobiernos de L\u00e1zaro y Leonel, les hizo a pol\u00edticos, empresarios y algunos periodistas o directores de medios, imagine usted la verdad ser\u00eda muy divertido, sobre todo porque se han olvidado que quien oper\u00f3 esos favores, fue precisamente Humberto Su\u00e1rez, quien no ha querido caer en actitudes irregulares.<\/p>\n<p>TERMINO UN CICLO ESCOLAR GRIS<\/p>\n<p>Como les comentamos ayer, este viernes pasado termin\u00f3 un ciclo escolar gris, pero no se crea que solamente fue en este a\u00f1o, sino que por lo menos en los \u00faltimos 15 ha\u00a0 sido la constante, ciclos escolares de menos de 200 d\u00edas que marca el calendario escolar, casi estamos seguros que en los \u00faltimos veinte a\u00f1os, nunca se ha logrado tener un ciclo escolar de 200 d\u00edas, porque\u00a0 sobre todo los democr\u00e1ticos, despu\u00e9s de pelear un mejor salario en la capital del pa\u00eds, vienen a Morelia y presionan, para lograr m\u00e1s salario, prestaciones,\u00a0 apoyos para zapatos, uniformes, becas y cosas que no les corresponde directamente.<\/p>\n<p>La bandera de los democr\u00e1ticos desde siempre, ha sido la no privatizaci\u00f3n de la educaci\u00f3n, cuando parad\u00f3jicamente, ellos han sido los principales impulsores de la educaci\u00f3n privada, porque con tanto paro los\u00a0 padres de familia, prefieren hacer un sacrificio para enviar a sus hijos a escuelas privadas, donde no hay tantas suspensiones, es m\u00e1s los dirigentes de los Democr\u00e1ticos, tienen sus hijos en escuelas privadas, las cuales no son muy buenas, pero no tienen tantas suspensiones.<\/p>\n<p>CICLO\u00a0 DE 145 DIAS Y PIDEN PARA 2014, 22 MIL MILLONES<\/p>\n<p>A poca gente le preocupar\u00eda que los maestros ganaran muy bien, si ofrecieran una educaci\u00f3n de \u00a0calidad, pero no es as\u00ed aunque Jes\u00fas Sierra Arias, titular de la Secretar\u00eda de Educaci\u00f3n, dijo que la educaci\u00f3n en Michoac\u00e1n, no es la m\u00e1s mala del pa\u00eds, a pesar de que no hubo m\u00e1s de 50 d\u00edas de clase o sea,\u00a0 la cuarta parte del ciclo escolar se perdi\u00f3, porque dijo Sierra Arias en 50 par\u00e1metros de 69 que tiene la SEP, Michoac\u00e1n est\u00e1 bien en 50 y en algunos por arriba de la media nacional,\u00a0 de ser cierto, estamos ante un\u00a0 milagro educativo.<\/p>\n<p>UN MILLON 30 MIL ALUMNOS\u00a0 A VACACIONES<\/p>\n<p>Al clausurar el ciclo escolar el titular de la Secretar\u00eda de Educaci\u00f3n, dijo que\u00a0 estar\u00edan\u00a0 de vacaciones un mill\u00f3n 30 mil escolares, entre ni\u00f1os y ni\u00f1as, los cuales son atendidos por 60 mil 175 maestros, ah\u00ed mismo Jes\u00fas Sierra reconoci\u00f3 que no fue un ciclo escolar bueno, porque no se cumpli\u00f3 el calendario escolar en m\u00e1s de 50 d\u00edas, por otra parte reconoci\u00f3 que la reposici\u00f3n de d\u00edas de clases, era un mito porque no hay nada que obligue, a los maestros faltistas a reponer las clases, y llam\u00f3 la atenci\u00f3n cuando dijo que para el pr\u00f3ximo ciclo escolar la SEE, estaba solicitando un presupuesto de 22 mil millones de pesos.<\/p>\n<p>EL CONGRESO DEBE LEGISLAR, PARA ACOTAR A MAESTROS<\/p>\n<p>Los maestros deben tener el mismo trato que cualquier trabajador, si no trabaja no cobra y si falta muchas veces al trabajo, se le puede despedir porque no sabemos \u00bfporqu\u00e9 gozan de tanta impunidad?, el Congreso debiera legislar para que los maestros no cobren si no trabajan,\u00a0 como le comentamos sucede en casi todos los pa\u00edses del mundo m\u00e1s o menos civilizado, porque solamente as\u00ed se podr\u00eda acotar a los maestros principalmente democr\u00e1ticos, porque en momento los maestros toman de rehenes a los michoacanos, y de una vez por todas hacer prevalecer el Estado de Derechos, porque en cuestiones\u00a0 educativas, este estado brilla por su ausencia.<\/p>\n<p>TANGANCICUARO, TLALPUJAHUA Y TZINTZUNTAN<\/p>\n<p>Primero fue el municipio de Tanganc\u00edcuaro donde, por acuerdo del Cabildo prohibieron tanto las fiestas de toros, como los circos donde participen animales, para evitar su maltrato y en los toros su muerte de manera cruel, esta iniciativa desde hace mucho tiempo, ha sido impulsada por el Verde Ecologista, por ello esto lo dio a conocer el dirigente estatal del Verde, Jonath\u00e1n Sanata Gonz\u00e1lez primero fue Tanganc\u00edcuaro y posteriormente, lo ser\u00e1n tanto Tlalpujahua como Tizntzintzan, ya que en estos dos \u00faltimos municipios, van avanzando las pl\u00e1ticas para prohibir estas masacres.<\/p>\n<p>Esta medida no es nueva en el pa\u00eds, desde hace varios a\u00f1os, hay organismos que se han dedicado a promover, esta medida de prohibir la llamada fiesta de los toros, que efectivamente involucra a mucha gente y mucho dinero, pero por ejemplo en Espa\u00f1a ya se prohibieron las corridas de toros en Barcelona, mientras que en Portugal y Francia hay corridas pero no se mata al toro\u00a0 ni le provocan heridas graves, tal vez se debiera pensar en corridas de esta manera, aunque respetamos a los amigos que gustan de estas fiestas sangrientas.<\/p>\n","protected":false},"excerpt":{"rendered":"<p>\u2022\tSI HUMBERTO HABLARA<br \/>\n\u2022\tEL QUE SE ENOJA PIERDE<br \/>\n\u2022\tUN CICLO ESCOLAR GRIS<br \/>\n\u2022\t3 MUNICIPIOS SIN TOROS<\/p>\n","protected":false},"author":1,"featured_media":0,"comment_status":"open","ping_status":"open","sticky":false,"template":"","format":"standard","meta":{"footnotes":""},"categories":[4,14,10],"tags":[],"class_list":["post-3113","post","type-post","status-publish","format-standard","hentry","category-columnistas","category-destacadas","category-juan-manuel-belmonte"],"_links":{"self":[{"href":"https:\/\/radiowebmx.com\/nota\/wp-json\/wp\/v2\/posts\/3113","targetHints":{"allow":["GET"]}}],"collection":[{"href":"https:\/\/radiowebmx.com\/nota\/wp-json\/wp\/v2\/posts"}],"about":[{"href":"https:\/\/radiowebmx.com\/nota\/wp-json\/wp\/v2\/types\/post"}],"author":[{"embeddable":true,"href":"https:\/\/radiowebmx.com\/nota\/wp-json\/wp\/v2\/users\/1"}],"replies":[{"embeddable":true,"href":"https:\/\/radiowebmx.com\/nota\/wp-json\/wp\/v2\/comments?post=3113"}],"version-history":[{"count":2,"href":"https:\/\/radiowebmx.com\/nota\/wp-json\/wp\/v2\/posts\/3113\/revisions"}],"predecessor-version":[{"id":3114,"href":"https:\/\/radiowebmx.com\/nota\/wp-json\/wp\/v2\/posts\/3113\/revisions\/3114"}],"wp:attachment":[{"href":"https:\/\/radiowebmx.com\/nota\/wp-json\/wp\/v2\/media?parent=3113"}],"wp:term":[{"taxonomy":"category","embeddable":true,"href":"https:\/\/radiowebmx.com\/nota\/wp-json\/wp\/v2\/categories?post=3113"},{"taxonomy":"post_tag","embeddable":true,"href":"https:\/\/radiowebmx.com\/nota\/wp-json\/wp\/v2\/tags?post=3113"}],"curies":[{"name":"wp","href":"https:\/\/api.w.org\/{rel}","templated":true}]}}