{"id":31125,"date":"2017-02-10T11:30:52","date_gmt":"2017-02-10T17:30:52","guid":{"rendered":"https:\/\/radiowebmx.com\/nota\/?p=31125"},"modified":"2017-02-10T11:30:52","modified_gmt":"2017-02-10T17:30:52","slug":"instituto-de-la-juventud-moreliana-da-a-conocer-su-vasta-oferta-de-talleres-para-este-2017","status":"publish","type":"post","link":"https:\/\/radiowebmx.com\/nota\/instituto-de-la-juventud-moreliana-da-a-conocer-su-vasta-oferta-de-talleres-para-este-2017\/","title":{"rendered":"Instituto de la Juventud Moreliana da a conocer su vasta oferta de talleres para este 2017"},"content":{"rendered":"<p><img loading=\"lazy\" decoding=\"async\" class=\"alignleft size-full wp-image-31126\" src=\"https:\/\/radiowebmx.com\/nota\/wp-content\/uploads\/2017\/02\/ac19c0d3-a2d9-49af-9c4e-a81a5facfdcc.jpg\" alt=\"ac19c0d3-a2d9-49af-9c4e-a81a5facfdcc\" width=\"709\" height=\"378\" srcset=\"https:\/\/radiowebmx.com\/nota\/wp-content\/uploads\/2017\/02\/ac19c0d3-a2d9-49af-9c4e-a81a5facfdcc.jpg 709w, https:\/\/radiowebmx.com\/nota\/wp-content\/uploads\/2017\/02\/ac19c0d3-a2d9-49af-9c4e-a81a5facfdcc-300x160.jpg 300w\" sizes=\"auto, (max-width: 709px) 100vw, 709px\" \/><\/p>\n<p>&nbsp;<\/p>\n<p>Con el prop\u00f3sito de mantener los \u00e9xitos alcanzados en el 2016, el Instituto de la Juventud Moreliana que encabeza Ana Cristina Prado, se ha fijado como objetivo en el presente a\u00f1o, ofrecer a la ciudadan\u00eda una variedad de actividades que abonen al desarrollo f\u00edsico y mental de la poblaci\u00f3n juvenil, al tiempo de permitir a estos dar cauce a sus inquietudes art\u00edsticas.<\/p>\n<p>Por tal raz\u00f3n, el IJUM pone a disposici\u00f3n de la ciudan\u00eda de entre 12 y 29 a\u00f1os de edad, cursos y talleres de diversas actividades como Percusiones, Ceba, Canto y M\u00fasica, Reposter\u00eda, Bom Bom y Gelatina; Salsa, Danza de vientre Tribal, Danza Polinesia, Yoga, Danza Urbana Humec, Teatro, Danza A\u00e9rea, Kendo y Capoeira.<\/p>\n<p>La Directora del IJUM dijo que es preponderante para la Administraci\u00f3n Municipal que encabeza el Alcalde, Alfonso Mart\u00ednez Alc\u00e1zar y para su dependencia, ofrecer a los j\u00f3venes espacios y talleres en los cuales puedan mantener ocupada su mente y su cuerpo, formando as\u00ed un sector productivo, sano y con miras a establecer un futuro prol\u00edfico que beneficie a la capital michoacana.<\/p>\n<p>Inform\u00f3 que el costo de inscripci\u00f3n de la mayor\u00eda de los talleres ser\u00e1 gratuito a excepci\u00f3n de los de Danza Polinesia Femenil y Masculina y el de Danza A\u00e9rea, por los cuales se pagar\u00e1n 300, 200 y 100 pesos, respectivamente.<\/p>\n<p>Asimismo en cuanto a las mensualidades a pagar por cada uno de los talleres, la funcionaria municipal dijo que los precios oscilar\u00e1n entre los 100 y los 350 pesos como m\u00e1ximo, y en el caso del Taller de Salsa el costo ser\u00e1 de 15 pesos por clase.<\/p>\n<p>Los horarios de los Talleres, mismos que ser\u00e1n impartidos en el Instituto, abarcaran de las 8:00 a 20:30 horas, de lunes a domingo.<\/p>\n<p>Para conocer los detalles de los horarios de los talleres, o para mayores informes, llamar a los n\u00fameros 312-27-35 y 317-88-81.<\/p>\n","protected":false},"excerpt":{"rendered":"<p>Con el prop\u00f3sito de mantener los \u00e9xitos alcanzados en el 2016, el Instituto de la Juventud Moreliana que encabeza Ana Cristina Prado, se ha fijado como objetivo en el presente a\u00f1o, ofrecer a la ciudadan\u00eda una variedad de actividades que abonen al desarrollo f\u00edsico y mental de la poblaci\u00f3n juvenil,<\/p>\n","protected":false},"author":1,"featured_media":31126,"comment_status":"open","ping_status":"open","sticky":false,"template":"","format":"standard","meta":{"footnotes":""},"categories":[14,9],"tags":[],"class_list":["post-31125","post","type-post","status-publish","format-standard","has-post-thumbnail","hentry","category-destacadas","category-morelia"],"_links":{"self":[{"href":"https:\/\/radiowebmx.com\/nota\/wp-json\/wp\/v2\/posts\/31125","targetHints":{"allow":["GET"]}}],"collection":[{"href":"https:\/\/radiowebmx.com\/nota\/wp-json\/wp\/v2\/posts"}],"about":[{"href":"https:\/\/radiowebmx.com\/nota\/wp-json\/wp\/v2\/types\/post"}],"author":[{"embeddable":true,"href":"https:\/\/radiowebmx.com\/nota\/wp-json\/wp\/v2\/users\/1"}],"replies":[{"embeddable":true,"href":"https:\/\/radiowebmx.com\/nota\/wp-json\/wp\/v2\/comments?post=31125"}],"version-history":[{"count":1,"href":"https:\/\/radiowebmx.com\/nota\/wp-json\/wp\/v2\/posts\/31125\/revisions"}],"predecessor-version":[{"id":31127,"href":"https:\/\/radiowebmx.com\/nota\/wp-json\/wp\/v2\/posts\/31125\/revisions\/31127"}],"wp:featuredmedia":[{"embeddable":true,"href":"https:\/\/radiowebmx.com\/nota\/wp-json\/wp\/v2\/media\/31126"}],"wp:attachment":[{"href":"https:\/\/radiowebmx.com\/nota\/wp-json\/wp\/v2\/media?parent=31125"}],"wp:term":[{"taxonomy":"category","embeddable":true,"href":"https:\/\/radiowebmx.com\/nota\/wp-json\/wp\/v2\/categories?post=31125"},{"taxonomy":"post_tag","embeddable":true,"href":"https:\/\/radiowebmx.com\/nota\/wp-json\/wp\/v2\/tags?post=31125"}],"curies":[{"name":"wp","href":"https:\/\/api.w.org\/{rel}","templated":true}]}}