{"id":31113,"date":"2017-02-10T11:22:14","date_gmt":"2017-02-10T17:22:14","guid":{"rendered":"https:\/\/radiowebmx.com\/nota\/?p=31113"},"modified":"2017-02-10T11:22:14","modified_gmt":"2017-02-10T17:22:14","slug":"agradece-ayuntamiento-de-morelia-gestion-de-gustavo-juarez-al-frente-del-imde","status":"publish","type":"post","link":"https:\/\/radiowebmx.com\/nota\/agradece-ayuntamiento-de-morelia-gestion-de-gustavo-juarez-al-frente-del-imde\/","title":{"rendered":"Agradece Ayuntamiento de Morelia gesti\u00f3n de Gustavo Ju\u00e1rez al frente del IMDE"},"content":{"rendered":"<p><img loading=\"lazy\" decoding=\"async\" class=\"alignleft size-full wp-image-31114\" src=\"https:\/\/radiowebmx.com\/nota\/wp-content\/uploads\/2017\/02\/78f6ce70-43e7-4e7d-be93-6fb312f49381.jpg\" alt=\"78f6ce70-43e7-4e7d-be93-6fb312f49381\" width=\"709\" height=\"617\" srcset=\"https:\/\/radiowebmx.com\/nota\/wp-content\/uploads\/2017\/02\/78f6ce70-43e7-4e7d-be93-6fb312f49381.jpg 709w, https:\/\/radiowebmx.com\/nota\/wp-content\/uploads\/2017\/02\/78f6ce70-43e7-4e7d-be93-6fb312f49381-300x261.jpg 300w\" sizes=\"auto, (max-width: 709px) 100vw, 709px\" \/><\/p>\n<p>&nbsp;<\/p>\n<p>El Secretario de Administraci\u00f3n, Yankel Ben\u00edtez Silva, recibi\u00f3 la renuncia por motivos personales de Gustavo Ju\u00e1rez Bedolla, como director del Instituto Municipal de Cultura F\u00edsica y Deporte (IMDE), quien a poco m\u00e1s de un a\u00f1o en el cargo alcanz\u00f3 diversos logros importantes en materia deportiva.<\/p>\n<p>En este sentido, Yankel Ben\u00edtez agradeci\u00f3 a nombre del Presidente Municipal, Alfonso Mart\u00ednez Alc\u00e1zar, el trabajo que Gustavo Ju\u00e1rez desempe\u00f1\u00f3 al frente del IMDE, posicionando a Morelia como un referente en la entidad e incluso a nivel nacional, a trav\u00e9s de eventos y el desarrollo de obras de infraestructura.<\/p>\n<p>Destac\u00f3 que durante su gesti\u00f3n, el IMDE obtuvo el reconocimiento nacional de Oro por la implementaci\u00f3n del programa de medici\u00f3n y prevenci\u00f3n \u201cNado x mi coraz\u00f3n\u201d, lanzado por la Comisi\u00f3n Nacional de Cultura F\u00edsica y Deporte (CONADE).<\/p>\n<p>Asimismo, Morelia fue sede del evento de mayor nivel en lo que a la actividad acu\u00e1tica se refiere, al albergar el Campeonato Nacional de Nataci\u00f3n de Curso Largo, al cual se dio cita la representante de M\u00e9xico en los Juegos Ol\u00edmpicos R\u00edo 2016, Liliana Ib\u00e1\u00f1ez.<\/p>\n<p>Yankel Ben\u00edtez, indic\u00f3 que en breve la Administraci\u00f3n Municipal presentar\u00e1 al Ayuntamiento de Morelia la propuesta para que definan al nuevo titular del IMDE, en virtud de que es la instancia responsable para este proceso. En tanto, inform\u00f3 que el Secretario T\u00e9cnico del IMDE, Joel Calder\u00f3n Ru\u00edz quedar\u00e1 como Encargado de Despacho.<\/p>\n","protected":false},"excerpt":{"rendered":"<p>El Secretario de Administraci\u00f3n, Yankel Ben\u00edtez Silva, recibi\u00f3 la renuncia por motivos personales de Gustavo Ju\u00e1rez Bedolla, como director del Instituto Municipal de Cultura F\u00edsica y Deporte (IMDE), quien a poco m\u00e1s de un a\u00f1o en el cargo alcanz\u00f3 diversos logros importantes en materia deportiva.<\/p>\n","protected":false},"author":1,"featured_media":31114,"comment_status":"open","ping_status":"open","sticky":false,"template":"","format":"standard","meta":{"footnotes":""},"categories":[14,9],"tags":[],"class_list":["post-31113","post","type-post","status-publish","format-standard","has-post-thumbnail","hentry","category-destacadas","category-morelia"],"_links":{"self":[{"href":"https:\/\/radiowebmx.com\/nota\/wp-json\/wp\/v2\/posts\/31113","targetHints":{"allow":["GET"]}}],"collection":[{"href":"https:\/\/radiowebmx.com\/nota\/wp-json\/wp\/v2\/posts"}],"about":[{"href":"https:\/\/radiowebmx.com\/nota\/wp-json\/wp\/v2\/types\/post"}],"author":[{"embeddable":true,"href":"https:\/\/radiowebmx.com\/nota\/wp-json\/wp\/v2\/users\/1"}],"replies":[{"embeddable":true,"href":"https:\/\/radiowebmx.com\/nota\/wp-json\/wp\/v2\/comments?post=31113"}],"version-history":[{"count":1,"href":"https:\/\/radiowebmx.com\/nota\/wp-json\/wp\/v2\/posts\/31113\/revisions"}],"predecessor-version":[{"id":31115,"href":"https:\/\/radiowebmx.com\/nota\/wp-json\/wp\/v2\/posts\/31113\/revisions\/31115"}],"wp:featuredmedia":[{"embeddable":true,"href":"https:\/\/radiowebmx.com\/nota\/wp-json\/wp\/v2\/media\/31114"}],"wp:attachment":[{"href":"https:\/\/radiowebmx.com\/nota\/wp-json\/wp\/v2\/media?parent=31113"}],"wp:term":[{"taxonomy":"category","embeddable":true,"href":"https:\/\/radiowebmx.com\/nota\/wp-json\/wp\/v2\/categories?post=31113"},{"taxonomy":"post_tag","embeddable":true,"href":"https:\/\/radiowebmx.com\/nota\/wp-json\/wp\/v2\/tags?post=31113"}],"curies":[{"name":"wp","href":"https:\/\/api.w.org\/{rel}","templated":true}]}}