{"id":31104,"date":"2017-02-10T11:06:31","date_gmt":"2017-02-10T17:06:31","guid":{"rendered":"https:\/\/radiowebmx.com\/nota\/?p=31104"},"modified":"2017-02-10T11:06:31","modified_gmt":"2017-02-10T17:06:31","slug":"sera-caso-ejemplar-en-el-pais-centro-de-poblacion-de-el-chihuero-municipio-de-huetamo","status":"publish","type":"post","link":"https:\/\/radiowebmx.com\/nota\/sera-caso-ejemplar-en-el-pais-centro-de-poblacion-de-el-chihuero-municipio-de-huetamo\/","title":{"rendered":"Ser\u00e1 caso ejemplar en el pa\u00eds Centro de Poblaci\u00f3n de El Chihuero, municipio de Huetamo"},"content":{"rendered":"<p><img loading=\"lazy\" decoding=\"async\" class=\"alignleft size-full wp-image-31105\" src=\"https:\/\/radiowebmx.com\/nota\/wp-content\/uploads\/2017\/02\/e0bb3973-f036-4968-a63e-9e38071e09aa.jpg\" alt=\"e0bb3973-f036-4968-a63e-9e38071e09aa\" width=\"709\" height=\"398\" srcset=\"https:\/\/radiowebmx.com\/nota\/wp-content\/uploads\/2017\/02\/e0bb3973-f036-4968-a63e-9e38071e09aa.jpg 709w, https:\/\/radiowebmx.com\/nota\/wp-content\/uploads\/2017\/02\/e0bb3973-f036-4968-a63e-9e38071e09aa-300x168.jpg 300w, https:\/\/radiowebmx.com\/nota\/wp-content\/uploads\/2017\/02\/e0bb3973-f036-4968-a63e-9e38071e09aa-284x158.jpg 284w, https:\/\/radiowebmx.com\/nota\/wp-content\/uploads\/2017\/02\/e0bb3973-f036-4968-a63e-9e38071e09aa-128x72.jpg 128w\" sizes=\"auto, (max-width: 709px) 100vw, 709px\" \/><\/p>\n<p>&nbsp;<\/p>\n<p><strong>El Chihuero, mpio.\u00a0de Huetamo, Michoac\u00e1n, a 9 de febrero de 2017.-<\/strong> El Centro de Poblaci\u00f3n de El Chihuero, ser\u00e1 un caso ejemplar en el pa\u00eds, detall\u00f3 el secretario de Desarrollo Territorial, Urbano y Movilidad, Sergio Adem Argueta, al sostener una reuni\u00f3n con habitantes de esta localidad terracalentana y representantes de diversas dependencias gubernamentales.<\/p>\n<p>A trav\u00e9s de la Sedetum, se coordinan\u00a0los trabajos de reubicaci\u00f3n\u00a0de esta localidad\u00a0a raz\u00f3n de\u00a0la construcci\u00f3n de la Presa El Chihuero, que se construye\u00a0con recurso aportado por la Comisi\u00f3n Nacional del Agua (Conagua).<\/p>\n<p>En este marco, cada una de las instancias de los tres niveles de gobierno, informaron a la ciudadan\u00eda los avances que se llevan a cabo en las distintas \u00e1reas, tales como igualdad sustantiva, educaci\u00f3n, salud, obras p\u00fablicas, transporte, medio ambiente, capacitaci\u00f3n para el trabajo, entre otras.<\/p>\n<p>El titular de la Sedetum, Sergio Adem Argueta, reconoci\u00f3 la presencia de las diferentes dependencias para continuar con esta estrecha comunicaci\u00f3n con los habitantes de la comunidad de El Chihuero, para que todas las acciones y obras a implementar de hagan con el consenso de la poblaci\u00f3n.<\/p>\n<p>Apunt\u00f3 que ha sido una instrucci\u00f3n del Gobernador Silvano Aureoles, que se agilicen los\u00a0trabajos, tras se\u00f1alar que la presa que ah\u00ed se construye\u00a0representa una obra estrat\u00e9gica para esta\u00a0regi\u00f3n de la Tierra Caliente.<\/p>\n<p>El funcionario precis\u00f3 que, la reubicaci\u00f3n de El Chihuero, incluye la construcci\u00f3n de viviendas, vialidades, una casa de salud, infraestructura educativa, espacios p\u00fablicos\u00a0recreativos y deportivos, entre otras acciones; obras que se realizar\u00e1n con la aportaci\u00f3n de distintas dependencias.<\/p>\n<p>Aunado a ello, tambi\u00e9n se estar\u00e1 impulsando la utilizaci\u00f3n de energ\u00edas limpias, tales como la generaci\u00f3n de electricidad a trav\u00e9s de la energ\u00eda solar, adem\u00e1s de la correcta gesti\u00f3n de residuos s\u00f3lidos y el tratamiento de las aguas residuales.<\/p>\n<p>Finalmente, el titular de la Sedetum\u00a0comparti\u00f3 que esta estrategia tambi\u00e9n incluir\u00e1 la capacitaci\u00f3n en habilidades productivas para los habitantes, para aprovechar las bondades de la presa,\u00a0por lo que se estar\u00e1n\u00a0impulsando tres actividades como son: la piscicultura, la agricultura y el turismo.<\/p>\n<p>En su turno, el asesor del Gobernador, Jes\u00fas Garibay Garc\u00eda, reiter\u00f3 que las decisiones que se tomen, ser\u00e1n con la aprobaci\u00f3n de los habitantes, quienes han tenido una activa participaci\u00f3n en todo el proceso.<\/p>\n<p>En tanto, el residente general de Proyecto de la Conagua, Alfredo Jorge Capiz, en representaci\u00f3n del director Local de la dependencia federal, Oswaldo Rodr\u00edguez Guti\u00e9rrez, record\u00f3 que el vaso inundable de la Presa El Chihuero, es de 120 hect\u00e1reas y la capacidad ser\u00e1 de ocho millones de metros c\u00fabicos.<\/p>\n<p>Coment\u00f3 que la inversi\u00f3n del Gobierno de la Rep\u00fablica a trav\u00e9s de la Conagua ser\u00e1 de 360 millones de pesos para la obra hidr\u00e1ulica y para una parte del Centro de Poblaci\u00f3n, m\u00e1s la aportaci\u00f3n estatal para este \u00faltimo rengl\u00f3n, cifra que se est\u00e1 cuantificando.<\/p>\n<p>El presidente municipal\u00a0de Huetamo, El\u00edas Ibarra Torres, reconoci\u00f3 la amplia participaci\u00f3n de las dependencias tanto estatales como federales en el proyecto del Centro de Poblaci\u00f3n, y reiter\u00f3 la disposici\u00f3n de la administraci\u00f3n que encabeza para seguir sumando y tener los mejores resultados en El Chihuero.<\/p>\n<p>Durante la reuni\u00f3n tambi\u00e9n estuvo presente, el titular de la Comisi\u00f3n Coordinadora del Transporte, Marco Antonio Lagunas V\u00e1zquez; representantes de las Secretar\u00edas de Comunicaciones y Obras P\u00fablicas (SCOP), de Salud (SSM), de Medio Ambiente, Recursos Naturales y Cambio Clim\u00e1tico (Semarnacc), de Igualdad Sustantiva y Desarrollo de las Mujeres (Seimujer).<\/p>\n<p>As\u00ed como del Instituto de Infraestructura F\u00edsica Educativa del Estado de Michoac\u00e1n (IIFEEM), de la Comisi\u00f3n Estatal de Agua y Gesti\u00f3n de Cuencas (CEAC), del Instituto de Capacitaci\u00f3n para el Trabajo del Estado de Michoac\u00e1n (Icatmi), de la Junta de Caminos, por mencionar algunas de las instancias participantes.<\/p>\n","protected":false},"excerpt":{"rendered":"<p>El Centro de Poblaci\u00f3n de El Chihuero, ser\u00e1 un caso ejemplar en el pa\u00eds, detall\u00f3 el secretario de Desarrollo Territorial, Urbano y Movilidad, Sergio Adem Argueta, al sostener una reuni\u00f3n con habitantes de esta localidad terracalentana y representantes de diversas dependencias gubernamentales.<\/p>\n","protected":false},"author":1,"featured_media":31105,"comment_status":"open","ping_status":"open","sticky":false,"template":"","format":"standard","meta":{"footnotes":""},"categories":[14,3],"tags":[],"class_list":["post-31104","post","type-post","status-publish","format-standard","has-post-thumbnail","hentry","category-destacadas","category-gobierno-del-estado-de-michoacan"],"_links":{"self":[{"href":"https:\/\/radiowebmx.com\/nota\/wp-json\/wp\/v2\/posts\/31104","targetHints":{"allow":["GET"]}}],"collection":[{"href":"https:\/\/radiowebmx.com\/nota\/wp-json\/wp\/v2\/posts"}],"about":[{"href":"https:\/\/radiowebmx.com\/nota\/wp-json\/wp\/v2\/types\/post"}],"author":[{"embeddable":true,"href":"https:\/\/radiowebmx.com\/nota\/wp-json\/wp\/v2\/users\/1"}],"replies":[{"embeddable":true,"href":"https:\/\/radiowebmx.com\/nota\/wp-json\/wp\/v2\/comments?post=31104"}],"version-history":[{"count":1,"href":"https:\/\/radiowebmx.com\/nota\/wp-json\/wp\/v2\/posts\/31104\/revisions"}],"predecessor-version":[{"id":31106,"href":"https:\/\/radiowebmx.com\/nota\/wp-json\/wp\/v2\/posts\/31104\/revisions\/31106"}],"wp:featuredmedia":[{"embeddable":true,"href":"https:\/\/radiowebmx.com\/nota\/wp-json\/wp\/v2\/media\/31105"}],"wp:attachment":[{"href":"https:\/\/radiowebmx.com\/nota\/wp-json\/wp\/v2\/media?parent=31104"}],"wp:term":[{"taxonomy":"category","embeddable":true,"href":"https:\/\/radiowebmx.com\/nota\/wp-json\/wp\/v2\/categories?post=31104"},{"taxonomy":"post_tag","embeddable":true,"href":"https:\/\/radiowebmx.com\/nota\/wp-json\/wp\/v2\/tags?post=31104"}],"curies":[{"name":"wp","href":"https:\/\/api.w.org\/{rel}","templated":true}]}}