{"id":31074,"date":"2017-02-09T14:20:35","date_gmt":"2017-02-09T20:20:35","guid":{"rendered":"https:\/\/radiowebmx.com\/nota\/?p=31074"},"modified":"2017-02-09T14:20:35","modified_gmt":"2017-02-09T20:20:35","slug":"buscara-morelia-refrendar-medallas-de-oro-en-nado-por-mi-corazon-2017","status":"publish","type":"post","link":"https:\/\/radiowebmx.com\/nota\/buscara-morelia-refrendar-medallas-de-oro-en-nado-por-mi-corazon-2017\/","title":{"rendered":"Buscar\u00e1 Morelia refrendar medallas de oro en \u201cNado por mi Coraz\u00f3n 2017\u201d"},"content":{"rendered":"<p><img loading=\"lazy\" decoding=\"async\" class=\"alignleft size-full wp-image-31075\" src=\"https:\/\/radiowebmx.com\/nota\/wp-content\/uploads\/2017\/02\/779edf1e-7fbb-491d-8867-f7a7ad8c08a6.jpg\" alt=\"779edf1e-7fbb-491d-8867-f7a7ad8c08a6\" width=\"709\" height=\"340\" srcset=\"https:\/\/radiowebmx.com\/nota\/wp-content\/uploads\/2017\/02\/779edf1e-7fbb-491d-8867-f7a7ad8c08a6.jpg 709w, https:\/\/radiowebmx.com\/nota\/wp-content\/uploads\/2017\/02\/779edf1e-7fbb-491d-8867-f7a7ad8c08a6-300x144.jpg 300w\" sizes=\"auto, (max-width: 709px) 100vw, 709px\" \/><\/p>\n<p>&nbsp;<\/p>\n<p>Con la intenci\u00f3n de reafirmar los resultados del a\u00f1o anterior, en el cual alcanz\u00f3 doble reconocimiento de oro, el Ayuntamiento de Morelia anunci\u00f3 su participaci\u00f3n por segunda ocasi\u00f3n en el programa de \u00edndole federal \u201cNado por mi Coraz\u00f3n\u201d, el cual se realizar\u00e1 del 13 al 19 de febrero en los 4 complejos acu\u00e1ticos de la Administraci\u00f3n Municipal, con un estimado de 4 mil personas.<\/p>\n<p>Alfonso Mart\u00ednez Alc\u00e1zar, Alcalde de Morelia, a trav\u00e9s del Instituto Municipal de Cultura F\u00edsica y Deporte (IMDE), buscar\u00e1 refrendar el status de excelencia que obtuvo la capital michoacana en la edici\u00f3n anterior del programa con causa supervisado por la Comisi\u00f3n Nacional de Cultura F\u00edsica y Deporte (CONADE), en conjunto con la Secretar\u00eda de Salud Federal.<\/p>\n<p>\u201cNado por mi coraz\u00f3n\u201d tiene por objetivo en su s\u00e9ptima edici\u00f3n atender a 50 mil personas, a las cuales se les realizar\u00e1 una medici\u00f3n en par\u00e1metros de salud y posteriormente tener una sesi\u00f3n de nado, con lo cual la Fundaci\u00f3n Kaluz otorgar\u00e1 un donativo de 500 mil pesos a la Asociaci\u00f3n Kardias para apoyar a ni\u00f1os enfermos del coraz\u00f3n, cifra que podr\u00eda incrementar a 700 mil pesos en caso de superar la participaci\u00f3n esperada.<\/p>\n<p>En 2016 Morelia destac\u00f3 al conseguir doble medalla de oro en la ejecuci\u00f3n del programa, ya que en el Complejo Acu\u00e1tico \u201cMedallistas Paral\u00edmpicos\u201d como en Bicentenario, superaron la barrera de los 2 mil registros, con lo que se posicion\u00f3 por encima de estados como Jalisco.<\/p>\n<p>En el anuncio oficial estuvieron presentes: Gustavo Ju\u00e1rez Bedolla, Director General del IMDE; Gabriela Guzm\u00e1n, encargada del \u00c1rea M\u00e9dica del Instituto, adem\u00e1s de Hugo Mac\u00edas, Coordinador de Actividades Acu\u00e1ticas de la Dependencia.<\/p>\n<p>\u201cNuestra meta es clara para este a\u00f1o, as\u00ed como ha aumentado el flujo de usuarios en nuestro curso de nataci\u00f3n, tambi\u00e9n deber\u00e1n de mejorar los resultados de este programa, con lo que lograremos mantener el status dorado para Morelia y reafirmarla como ciudad modelo en la aplicaci\u00f3n de programas, tal como lo pretend\u00eda nuestro Presidente Municipal, Alfonso Mart\u00ednez Alc\u00e1zar\u201d, se\u00f1al\u00f3 el Director General del IMDE, Gustavo Ju\u00e1rez Bedolla.<\/p>\n<p>El programa se ejecutar\u00e1 del 13 al 19 de febrero, en los 4 complejos acu\u00e1ticos del IMDE, es decir, \u201cMedallistas Paral\u00edmpicos\u201d, Bicentenario, Morelos Indeco y Villa Magna y se podr\u00e1n registrar todos los usuarios a partir de los 12 a\u00f1os, en ambas ramas.<\/p>\n<p>El proceso consiste en la medici\u00f3n de par\u00e1metros como la circunferencia abdominal y presi\u00f3n arterial, para posteriormente cubrir una distancia de 1 kil\u00f3metro de nado. La intenci\u00f3n es que las personas eval\u00faen sus avances de forma peri\u00f3dica.<\/p>\n<p>\u201cBuscamos tambi\u00e9n que esto sirva de est\u00edmulo para la sociedad que acude a nuestras albercas, para que noten los progresos en su cuerpo y se encaminen a llevar una vida m\u00e1s saludable\u201d, sentenci\u00f3 Ju\u00e1rez Bedolla.<\/p>\n<p>Las inscripciones se realizar\u00e1n en los espacios acu\u00e1ticos ya mencionados, durante la semana de aplicaci\u00f3n y \u00e9stas son gratuitas.<\/p>\n<p>El m\u00e9todo de calificaci\u00f3n para las albercas ser\u00e1 similar al a\u00f1o anterior, es decir, las que alberguen entre 500 y 999 personas ser\u00e1n acreedoras al bronce, de mil a mil 999 se premiar\u00e1 con plata y de 2 mil en adelante se condecorar\u00e1 con el distintivo de oro.<\/p>\n","protected":false},"excerpt":{"rendered":"<p>Con la intenci\u00f3n de reafirmar los resultados del a\u00f1o anterior, en el cual alcanz\u00f3 doble reconocimiento de oro, el Ayuntamiento de Morelia anunci\u00f3 su participaci\u00f3n por segunda ocasi\u00f3n en el programa de \u00edndole federal \u201cNado por mi Coraz\u00f3n\u201d, el cual se realizar\u00e1 del 13 al 19 de febrero en los 4 complejos acu\u00e1ticos de la Administraci\u00f3n Municipal, con un estimado de 4 mil personas.<\/p>\n","protected":false},"author":1,"featured_media":31075,"comment_status":"open","ping_status":"open","sticky":false,"template":"","format":"standard","meta":{"footnotes":""},"categories":[14,9],"tags":[],"class_list":["post-31074","post","type-post","status-publish","format-standard","has-post-thumbnail","hentry","category-destacadas","category-morelia"],"_links":{"self":[{"href":"https:\/\/radiowebmx.com\/nota\/wp-json\/wp\/v2\/posts\/31074","targetHints":{"allow":["GET"]}}],"collection":[{"href":"https:\/\/radiowebmx.com\/nota\/wp-json\/wp\/v2\/posts"}],"about":[{"href":"https:\/\/radiowebmx.com\/nota\/wp-json\/wp\/v2\/types\/post"}],"author":[{"embeddable":true,"href":"https:\/\/radiowebmx.com\/nota\/wp-json\/wp\/v2\/users\/1"}],"replies":[{"embeddable":true,"href":"https:\/\/radiowebmx.com\/nota\/wp-json\/wp\/v2\/comments?post=31074"}],"version-history":[{"count":1,"href":"https:\/\/radiowebmx.com\/nota\/wp-json\/wp\/v2\/posts\/31074\/revisions"}],"predecessor-version":[{"id":31076,"href":"https:\/\/radiowebmx.com\/nota\/wp-json\/wp\/v2\/posts\/31074\/revisions\/31076"}],"wp:featuredmedia":[{"embeddable":true,"href":"https:\/\/radiowebmx.com\/nota\/wp-json\/wp\/v2\/media\/31075"}],"wp:attachment":[{"href":"https:\/\/radiowebmx.com\/nota\/wp-json\/wp\/v2\/media?parent=31074"}],"wp:term":[{"taxonomy":"category","embeddable":true,"href":"https:\/\/radiowebmx.com\/nota\/wp-json\/wp\/v2\/categories?post=31074"},{"taxonomy":"post_tag","embeddable":true,"href":"https:\/\/radiowebmx.com\/nota\/wp-json\/wp\/v2\/tags?post=31074"}],"curies":[{"name":"wp","href":"https:\/\/api.w.org\/{rel}","templated":true}]}}