{"id":31062,"date":"2017-02-09T12:24:22","date_gmt":"2017-02-09T18:24:22","guid":{"rendered":"https:\/\/radiowebmx.com\/nota\/?p=31062"},"modified":"2017-02-09T12:24:22","modified_gmt":"2017-02-09T18:24:22","slug":"se-pronuncia-adriana-hernandez-por-mas-contacto-con-los-electores","status":"publish","type":"post","link":"https:\/\/radiowebmx.com\/nota\/se-pronuncia-adriana-hernandez-por-mas-contacto-con-los-electores\/","title":{"rendered":"Se pronuncia Adriana Hern\u00e1ndez por m\u00e1s contacto con los electores"},"content":{"rendered":"<p class=\"x_MsoNormal\"><img loading=\"lazy\" decoding=\"async\" class=\"alignleft size-full wp-image-31063\" src=\"https:\/\/radiowebmx.com\/nota\/wp-content\/uploads\/2017\/02\/thumbnail_Comunicado-154.jpg\" alt=\"thumbnail_Comunicado 154\" width=\"709\" height=\"1064\" srcset=\"https:\/\/radiowebmx.com\/nota\/wp-content\/uploads\/2017\/02\/thumbnail_Comunicado-154.jpg 709w, https:\/\/radiowebmx.com\/nota\/wp-content\/uploads\/2017\/02\/thumbnail_Comunicado-154-200x300.jpg 200w, https:\/\/radiowebmx.com\/nota\/wp-content\/uploads\/2017\/02\/thumbnail_Comunicado-154-682x1024.jpg 682w\" sizes=\"auto, (max-width: 709px) 100vw, 709px\" \/><\/p>\n<p class=\"x_MsoNormal\">\n<p class=\"x_MsoNormal\"><b>Morelia; Michoac\u00e1n, 08 febrero de 2017<\/b><b>.-<\/b>\u00a0 Los integrantes del Grupo Parlamentario del PRI en el Congreso del Estado, en voz de su coordinadora Adriana Hern\u00e1ndez, presentaron una iniciativa que permitir\u00e1 reducir un 50 por ciento el n\u00famero de diputados plurinominales en Michoac\u00e1n.<\/p>\n<p class=\"x_MsoNormal\">Hern\u00e1ndez \u00cd\u00f1iguez sostuvo en tribuna, que un sistema basado primordialmente en la elecci\u00f3n de legisladores por mayor\u00eda, asegura una relaci\u00f3n m\u00e1s directa con sus electores, al tiempo que se conserva un n\u00famero de legisladores electos por representaci\u00f3n proporcional que sea adecuado para las actuales condiciones de competencia pol\u00edtica y racionalidad econ\u00f3mica, garantizando el acceso de las minor\u00edas a la representaci\u00f3n proporcional.<\/p>\n<p class=\"x_MsoNormal\">\n<p class=\"x_MsoNormal\">La tambi\u00e9n presidente de la Junta de Coordinaci\u00f3n Pol\u00edtica, sostuvo que de los procesos electorales recientes, se observa un avance al punto en que los resultados en las elecciones de legisladores por el principio de mayor\u00eda relativa reflejan en gran medida la pluralidad pol\u00edtica, por lo que es dable valorar la pertinencia de contar con un n\u00famero menor de legisladores electos por el principio de representaci\u00f3n proporcional.<\/p>\n<p class=\"x_MsoNormal\">\n<p class=\"x_MsoNormal\">Record\u00f3 que fue en la d\u00e9cada de los sesentas, cuando se aprob\u00f3 la figura de los diputados de partido y en los setentas se impuls\u00f3 la reforma pol\u00edtica que estableci\u00f3 el sistema mixto al incorporar 100 diputados de representaci\u00f3n proporcional, lo que permiti\u00f3 a los partidos de aposici\u00f3n, acceder a mayores espacios de representaci\u00f3n popular.<\/p>\n<p class=\"x_MsoNormal\">\n<p class=\"x_MsoNormal\">La iniciativa de decreto reforma el art\u00edculo 20 de la Constituci\u00f3n Pol\u00edtica del Estado Libre y Soberano de Michoac\u00e1n de Ocampo, para quedar como sigue:<\/p>\n<p class=\"x_MsoNormal\">\n<p class=\"x_MsoNormal\">\u201cArt\u00edculo 20.- El Congreso del Estado se integra con representantes del pueblo, electos en su totalidad cada tres a\u00f1os, con opci\u00f3n de ser electos hasta por cuatro periodos consecutivos. La elecci\u00f3n se celebrar\u00e1 el primer domingo del mes de junio del a\u00f1o en que concluya su funci\u00f3n la Legislatura.<\/p>\n<p class=\"x_MsoNormal\">\n<p class=\"x_MsoNormal\">\u201cPor cada diputado propietario, se elegir\u00e1 un suplente.<\/p>\n<p class=\"x_MsoNormal\">\n<p class=\"x_MsoNormal\">\u201cEl Congreso del Estado estar\u00e1 integrado por veinticuatro diputados electos seg\u00fan el principio de mayor\u00eda relativa, mediante el sistema de distritos electorales uninominales y\u00a0ocho diputados\u00a0que ser\u00e1n electos seg\u00fan el principio de representaci\u00f3n proporcional, mediante el sistema de lista de candidatos votados en una circunscripci\u00f3n plurinominal.<\/p>\n<p class=\"x_MsoNormal\">\n","protected":false},"excerpt":{"rendered":"<p>Los integrantes del Grupo Parlamentario del PRI en el Congreso del Estado, en voz de su coordinadora Adriana Hern\u00e1ndez, presentaron una iniciativa que permitir\u00e1 reducir un 50 por ciento el n\u00famero de diputados plurinominales en Michoac\u00e1n.<\/p>\n","protected":false},"author":1,"featured_media":31063,"comment_status":"open","ping_status":"open","sticky":false,"template":"","format":"standard","meta":{"footnotes":""},"categories":[6,14,7],"tags":[],"class_list":["post-31062","post","type-post","status-publish","format-standard","has-post-thumbnail","hentry","category-congreso-del-estado","category-destacadas","category-grupo-parlamentario-del-pri"],"_links":{"self":[{"href":"https:\/\/radiowebmx.com\/nota\/wp-json\/wp\/v2\/posts\/31062","targetHints":{"allow":["GET"]}}],"collection":[{"href":"https:\/\/radiowebmx.com\/nota\/wp-json\/wp\/v2\/posts"}],"about":[{"href":"https:\/\/radiowebmx.com\/nota\/wp-json\/wp\/v2\/types\/post"}],"author":[{"embeddable":true,"href":"https:\/\/radiowebmx.com\/nota\/wp-json\/wp\/v2\/users\/1"}],"replies":[{"embeddable":true,"href":"https:\/\/radiowebmx.com\/nota\/wp-json\/wp\/v2\/comments?post=31062"}],"version-history":[{"count":1,"href":"https:\/\/radiowebmx.com\/nota\/wp-json\/wp\/v2\/posts\/31062\/revisions"}],"predecessor-version":[{"id":31064,"href":"https:\/\/radiowebmx.com\/nota\/wp-json\/wp\/v2\/posts\/31062\/revisions\/31064"}],"wp:featuredmedia":[{"embeddable":true,"href":"https:\/\/radiowebmx.com\/nota\/wp-json\/wp\/v2\/media\/31063"}],"wp:attachment":[{"href":"https:\/\/radiowebmx.com\/nota\/wp-json\/wp\/v2\/media?parent=31062"}],"wp:term":[{"taxonomy":"category","embeddable":true,"href":"https:\/\/radiowebmx.com\/nota\/wp-json\/wp\/v2\/categories?post=31062"},{"taxonomy":"post_tag","embeddable":true,"href":"https:\/\/radiowebmx.com\/nota\/wp-json\/wp\/v2\/tags?post=31062"}],"curies":[{"name":"wp","href":"https:\/\/api.w.org\/{rel}","templated":true}]}}