{"id":31059,"date":"2017-02-09T12:20:36","date_gmt":"2017-02-09T18:20:36","guid":{"rendered":"https:\/\/radiowebmx.com\/nota\/?p=31059"},"modified":"2017-02-09T12:20:36","modified_gmt":"2017-02-09T18:20:36","slug":"si-hay-voluntad-politica-para-ayudar-entonces-que-se-elimine-el-ieps-fraga-gutierrez","status":"publish","type":"post","link":"https:\/\/radiowebmx.com\/nota\/si-hay-voluntad-politica-para-ayudar-entonces-que-se-elimine-el-ieps-fraga-gutierrez\/","title":{"rendered":"Si hay voluntad pol\u00edtica para ayudar, entonces que se elimine el IEPS: Fraga Guti\u00e9rrez"},"content":{"rendered":"<p class=\"x_MsoNormal\"><img loading=\"lazy\" decoding=\"async\" class=\"alignleft size-full wp-image-31060\" src=\"https:\/\/radiowebmx.com\/nota\/wp-content\/uploads\/2017\/02\/thumbnail_Dip.-Brenda-Fabiola-Fraga-Guti\u00e9rrez-10.jpg\" alt=\"thumbnail_Dip. Brenda Fabiola Fraga Guti\u00e9rrez (10)\" width=\"709\" height=\"472\" srcset=\"https:\/\/radiowebmx.com\/nota\/wp-content\/uploads\/2017\/02\/thumbnail_Dip.-Brenda-Fabiola-Fraga-Guti\u00e9rrez-10.jpg 709w, https:\/\/radiowebmx.com\/nota\/wp-content\/uploads\/2017\/02\/thumbnail_Dip.-Brenda-Fabiola-Fraga-Guti\u00e9rrez-10-300x200.jpg 300w\" sizes=\"auto, (max-width: 709px) 100vw, 709px\" \/><\/p>\n<p class=\"x_MsoNormal\">\n<p class=\"x_MsoNormal\"><b>Morelia; Michoac\u00e1n, 09 de febrero de 2017<\/b>.- La Diputada por el Partido del Trabajo, Brenda Fabiola Fraga Guti\u00e9rrez, exhort\u00f3 a los legisladores tanto locales como federales a eliminar el Impuesto Especial Sobre la Producci\u00f3n de Servicios (IESPS)<\/p>\n<p class=\"x_MsoNormal\">\u201cAhora s\u00ed, los partidos que firmaron el llamado Pacto por M\u00e9xico, hoy, hacen hasta lo imposible por lavar sus culpas y no pierden oportunidad para criticar todo aquello que, en su momento, presumieron como una gran alianza que iba a \u2018Mover a M\u00e9xico\u2019\u201d expres\u00f3 la diputada por el Partido del Trabajo, Brenda Fabiola Fraga Guti\u00e9rrez, al participar en tribuna durante la sesi\u00f3n realizada en el Congreso Estatal.<\/p>\n<p class=\"x_MsoNormal\">Fraga Guti\u00e9rrez, les record\u00f3 a todos los diputados de las principales fuerzas pol\u00edticas, que sus compa\u00f1eros en las c\u00e1maras altas, votaron a favor de las reformas estructurales que hoy tienen a los mexicanos visiblemente hartos de la situaci\u00f3n, y los acus\u00f3 de querer estar del lado correcto de la coyuntura.<\/p>\n<p class=\"x_MsoNormal\">Record\u00f3 que los principales partidos pol\u00edticos aceptaron con entusiasmo estas reformas sin importar sus implicaciones, haciendo o\u00eddos sordos frente a quienes \u201cdenunciamos\u201d\u00a0 un acto de traici\u00f3n legitimado por el Pacto por M\u00e9xico, y dejo claro que en este sentido, \u201cel Partido del Trabajo nunca particip\u00f3 de ninguna manera en ese pacto y vot\u00f3 en contra todas las reformas estructurales porque este terrible escenario se advert\u00eda claramente\u201d.<\/p>\n<p class=\"x_MsoNormal\">No omiti\u00f3 mencionar adem\u00e1s que para encontrar eco en la sociedad en ese entonces, las grandes c\u00fapulas pol\u00edticas impulsaron una campa\u00f1a de propaganda, vendiendo la idea de que estar\u00edamos mejor, se generar\u00edan empleos y la econom\u00eda del pa\u00eds se elevar\u00eda a niveles nunca antes vistos, hoy, esa clase pol\u00edtica s\u00f3lo ve esa riqueza concentrada en los rubros de \u201cservicios personales\u201d engordando el gasto corriente de presupuestos que nunca alcanzan para atender las necesidades sociales.<\/p>\n","protected":false},"excerpt":{"rendered":"<p>La Diputada por el Partido del Trabajo, Brenda Fabiola Fraga Guti\u00e9rrez, exhort\u00f3 a los legisladores tanto locales como federales a eliminar el Impuesto Especial Sobre la Producci\u00f3n de Servicios (IESPS)<\/p>\n","protected":false},"author":1,"featured_media":31060,"comment_status":"open","ping_status":"open","sticky":false,"template":"","format":"standard","meta":{"footnotes":""},"categories":[6,14],"tags":[],"class_list":["post-31059","post","type-post","status-publish","format-standard","has-post-thumbnail","hentry","category-congreso-del-estado","category-destacadas"],"_links":{"self":[{"href":"https:\/\/radiowebmx.com\/nota\/wp-json\/wp\/v2\/posts\/31059","targetHints":{"allow":["GET"]}}],"collection":[{"href":"https:\/\/radiowebmx.com\/nota\/wp-json\/wp\/v2\/posts"}],"about":[{"href":"https:\/\/radiowebmx.com\/nota\/wp-json\/wp\/v2\/types\/post"}],"author":[{"embeddable":true,"href":"https:\/\/radiowebmx.com\/nota\/wp-json\/wp\/v2\/users\/1"}],"replies":[{"embeddable":true,"href":"https:\/\/radiowebmx.com\/nota\/wp-json\/wp\/v2\/comments?post=31059"}],"version-history":[{"count":1,"href":"https:\/\/radiowebmx.com\/nota\/wp-json\/wp\/v2\/posts\/31059\/revisions"}],"predecessor-version":[{"id":31061,"href":"https:\/\/radiowebmx.com\/nota\/wp-json\/wp\/v2\/posts\/31059\/revisions\/31061"}],"wp:featuredmedia":[{"embeddable":true,"href":"https:\/\/radiowebmx.com\/nota\/wp-json\/wp\/v2\/media\/31060"}],"wp:attachment":[{"href":"https:\/\/radiowebmx.com\/nota\/wp-json\/wp\/v2\/media?parent=31059"}],"wp:term":[{"taxonomy":"category","embeddable":true,"href":"https:\/\/radiowebmx.com\/nota\/wp-json\/wp\/v2\/categories?post=31059"},{"taxonomy":"post_tag","embeddable":true,"href":"https:\/\/radiowebmx.com\/nota\/wp-json\/wp\/v2\/tags?post=31059"}],"curies":[{"name":"wp","href":"https:\/\/api.w.org\/{rel}","templated":true}]}}