{"id":31056,"date":"2017-02-09T12:13:09","date_gmt":"2017-02-09T18:13:09","guid":{"rendered":"https:\/\/radiowebmx.com\/nota\/?p=31056"},"modified":"2017-02-09T12:13:09","modified_gmt":"2017-02-09T18:13:09","slug":"urge-belinda-iturbide-a-dar-marcha-atras-al-gasolinazo-a-epn","status":"publish","type":"post","link":"https:\/\/radiowebmx.com\/nota\/urge-belinda-iturbide-a-dar-marcha-atras-al-gasolinazo-a-epn\/","title":{"rendered":"Urge Belinda Iturbide a dar marcha atr\u00e1s al gasolinazo a EPN"},"content":{"rendered":"<p class=\"x_MsoNormal\"><img loading=\"lazy\" decoding=\"async\" class=\"alignleft size-full wp-image-31057\" src=\"https:\/\/radiowebmx.com\/nota\/wp-content\/uploads\/2017\/02\/Comunicado-164-1.jpg\" alt=\"Comunicado 164 (1)\" width=\"709\" height=\"531\" srcset=\"https:\/\/radiowebmx.com\/nota\/wp-content\/uploads\/2017\/02\/Comunicado-164-1.jpg 709w, https:\/\/radiowebmx.com\/nota\/wp-content\/uploads\/2017\/02\/Comunicado-164-1-300x225.jpg 300w\" sizes=\"auto, (max-width: 709px) 100vw, 709px\" \/><\/p>\n<p class=\"x_MsoNormal\">\n<p class=\"x_MsoNormal\"><b>Morelia; Michoac\u00e1n, 09 de febrero de 2017<\/b>.-\u00a0A que se d\u00e9 marcha atr\u00e1s al gasolinazo por el bienestar del pueblo mexicano, exhort\u00f3 la diputada Belinda Iturbide D\u00edaz, al presidente de la Rep\u00fablica, Enrique Pe\u00f1a Nieto al hacer uso de la tribuna durante la sesi\u00f3n, en donde urgi\u00f3 a que emita un acuerdo para cancelar las disposiciones establecidas por los art\u00edculos d\u00e9cimo primero y d\u00e9cimo segundo transitorios de la Ley de Ingresos de la Federaci\u00f3n para el ejercicio fiscal 2017.<\/p>\n<p class=\"x_gmail-m_-337763583019400355gmail-xmsonormal\">Durante la sesi\u00f3n y al hacer uso de la tribuna, la diputada local por el Distrito de Puru\u00e1ndiro,\u00a0 hizo un llamado\u00a0 y exhort\u00f3 al Titular del Poder Ejecutivo Federal para que en uso de sus facultades emita un acuerdo para posponer y cancelar la entrada en vigor del aumento de los precios al p\u00fablico de las gasolinas y el di\u00e9sel, establecidos en la Ley de Ingresos para este a\u00f1o.<\/p>\n<p class=\"x_gmail-m_-337763583019400355gmail-xmsonormal\">De la misma forma, llam\u00f3 al Titular del Poder Ejecutivo Federal, para que a trav\u00e9s de la Secretar\u00eda de Hacienda y Cr\u00e9dito P\u00fablico (SHCP) se reduzca en un 50% el Impuesto Especial sobre Producci\u00f3n y Servicios (IEPS) que se cobra a gasolina y di\u00e9sel.<\/p>\n<p class=\"x_gmail-m_-337763583019400355gmail-xmsonormal\">Lament\u00f3 los abusos de los que ha sido v\u00edctima el pueblo mexicano, por las acciones impulsadas por el gobierno federal, las cuales impactan gravemente en los bolsillos de los mexicanos, aunado a la corrupci\u00f3n e impunidad que han lacerado econ\u00f3micamente a nuestra naci\u00f3n.<\/p>\n<p class=\"x_gmail-m_-337763583019400355gmail-xmsonormal\">Belinda Iturbide recalc\u00f3 que \u201ces necesario y urgente que se revierta el gasolinazo, ya que no es justo que estas malas decisiones las tengan que pagar una sociedad cada d\u00eda m\u00e1s necesitada y golpeada\u201d.<\/p>\n<p class=\"x_gmail-m_-337763583019400355gmail-xmsonormal\">Aunado al aumento a la gasolina, se han incrementado los precios de los productos de la canasta b\u00e1sica, as\u00ed como de la luz, gas y de otros servicios, generando s\u00f3lo m\u00e1s pobreza y malestar entre la poblaci\u00f3n, en especial de los grupos vulnerables, que son los m\u00e1s afectados con estas determinaciones, es decir, la mayor\u00eda del pueblo mexicano.<\/p>\n<p class=\"x_gmail-m_-337763583019400355gmail-xmsonormal\">Asimismo puntualiz\u00f3 que el descontento social e indignaci\u00f3n del pueblo mexicano es muy clara, contundente y evidente ante los aumentos, derivados del gasolinazo, ya que la medida tomada por el Gobierno Federal afecta directamente en el aumento de los precios de la canasta b\u00e1sica y se reporta mayor inflaci\u00f3n, desempleo, y es claro que se reducir\u00e1 el poder adquisitivo de la poblaci\u00f3n.<\/p>\n<p class=\"x_gmail-m_-337763583019400355gmail-xmsonormal\">Por lo anterior, Belinda Iturbide llam\u00f3 al presidente de la Rep\u00fablica a que d\u00e9 marcha atr\u00e1s al gasolinazo y a escuchar al pueblo mexicano.<\/p>\n","protected":false},"excerpt":{"rendered":"<p>A que se d\u00e9 marcha atr\u00e1s al gasolinazo por el bienestar del pueblo mexicano, exhort\u00f3 la diputada Belinda Iturbide D\u00edaz, al presidente de la Rep\u00fablica, Enrique Pe\u00f1a Nieto al hacer uso de la tribuna durante la sesi\u00f3n<\/p>\n","protected":false},"author":1,"featured_media":31057,"comment_status":"open","ping_status":"open","sticky":false,"template":"","format":"standard","meta":{"footnotes":""},"categories":[6,14,19],"tags":[],"class_list":["post-31056","post","type-post","status-publish","format-standard","has-post-thumbnail","hentry","category-congreso-del-estado","category-destacadas","category-grupo-parlamentario-del-prd"],"_links":{"self":[{"href":"https:\/\/radiowebmx.com\/nota\/wp-json\/wp\/v2\/posts\/31056","targetHints":{"allow":["GET"]}}],"collection":[{"href":"https:\/\/radiowebmx.com\/nota\/wp-json\/wp\/v2\/posts"}],"about":[{"href":"https:\/\/radiowebmx.com\/nota\/wp-json\/wp\/v2\/types\/post"}],"author":[{"embeddable":true,"href":"https:\/\/radiowebmx.com\/nota\/wp-json\/wp\/v2\/users\/1"}],"replies":[{"embeddable":true,"href":"https:\/\/radiowebmx.com\/nota\/wp-json\/wp\/v2\/comments?post=31056"}],"version-history":[{"count":1,"href":"https:\/\/radiowebmx.com\/nota\/wp-json\/wp\/v2\/posts\/31056\/revisions"}],"predecessor-version":[{"id":31058,"href":"https:\/\/radiowebmx.com\/nota\/wp-json\/wp\/v2\/posts\/31056\/revisions\/31058"}],"wp:featuredmedia":[{"embeddable":true,"href":"https:\/\/radiowebmx.com\/nota\/wp-json\/wp\/v2\/media\/31057"}],"wp:attachment":[{"href":"https:\/\/radiowebmx.com\/nota\/wp-json\/wp\/v2\/media?parent=31056"}],"wp:term":[{"taxonomy":"category","embeddable":true,"href":"https:\/\/radiowebmx.com\/nota\/wp-json\/wp\/v2\/categories?post=31056"},{"taxonomy":"post_tag","embeddable":true,"href":"https:\/\/radiowebmx.com\/nota\/wp-json\/wp\/v2\/tags?post=31056"}],"curies":[{"name":"wp","href":"https:\/\/api.w.org\/{rel}","templated":true}]}}