{"id":31053,"date":"2017-02-09T12:06:48","date_gmt":"2017-02-09T18:06:48","guid":{"rendered":"https:\/\/radiowebmx.com\/nota\/?p=31053"},"modified":"2017-02-09T12:06:48","modified_gmt":"2017-02-09T18:06:48","slug":"para-reducir-indices-delictivos-fundamental-garantizar-el-bienestar-social-a-la-poblacion-yarabi-avila","status":"publish","type":"post","link":"https:\/\/radiowebmx.com\/nota\/para-reducir-indices-delictivos-fundamental-garantizar-el-bienestar-social-a-la-poblacion-yarabi-avila\/","title":{"rendered":"Para reducir \u00edndices delictivos, fundamental garantizar el bienestar social a la poblaci\u00f3n: Yarab\u00ed \u00c1vila"},"content":{"rendered":"<p class=\"x_MsoNormal\"><img loading=\"lazy\" decoding=\"async\" class=\"alignleft size-full wp-image-31054\" src=\"https:\/\/radiowebmx.com\/nota\/wp-content\/uploads\/2017\/02\/thumbnail_Comunicado-167.jpg\" alt=\"thumbnail_Comunicado 167\" width=\"709\" height=\"1148\" srcset=\"https:\/\/radiowebmx.com\/nota\/wp-content\/uploads\/2017\/02\/thumbnail_Comunicado-167.jpg 709w, https:\/\/radiowebmx.com\/nota\/wp-content\/uploads\/2017\/02\/thumbnail_Comunicado-167-185x300.jpg 185w, https:\/\/radiowebmx.com\/nota\/wp-content\/uploads\/2017\/02\/thumbnail_Comunicado-167-632x1024.jpg 632w\" sizes=\"auto, (max-width: 709px) 100vw, 709px\" \/><\/p>\n<p class=\"x_MsoNormal\">\n<p class=\"x_MsoNormal\"><b>Morelia; Michoac\u00e1n, 09 febrero de 201<\/b><b>7.-<\/b> \u00a0\u00a0Para\u00a0 restablecer el Estado de Derecho y reducir los \u00edndices\u00a0 delictivos,\u00a0 se debe garantizar a la poblaci\u00f3n el bienestar social, afirm\u00f3 la diputada del PRI por el Distrito 10 de Morelia Noroeste, al asegurar que es fundamental analizar de manera reflexiva y autocritica las acciones que se han emprendido desde otros frentes de la administraci\u00f3n p\u00fablica estatal, para reducir los delitos y la violencia en Michoac\u00e1n.<\/p>\n<p class=\"x_MsoNormal\">Al asistir a la reuni\u00f3n de trabajo con el Procurador de Michoac\u00e1n, Jos\u00e9 Mart\u00edn Godoy Castro, la diputada consider\u00f3 que las acciones para garantizar la paz y la tranquilidad en el estado, deben ser producto de la corresponsabilidad y acciones conjuntas entre los tres \u00f3rdenes de Gobierno, Poderes Judicial, Ejecutivo y Legislativo, y el gabinete estatal a trav\u00e9s de sus dependencias, no solo de las \u00e1reas de justicia y seguridad.<\/p>\n<p class=\"x_MsoNormal\">\n<p class=\"x_MsoNormal\">\u201cSe debe analizar el trabajo que se realiza desde todas el gabinete estatal, el ampliado y legal, si queremos tener impacto en la reducci\u00f3n de los delitos, debemos iniciar pol\u00edticas transversales que contribuyan a mejorar la calidad de vida de los ciudadanos\u201d, precis\u00f3 la legisladora.<\/p>\n<p class=\"x_MsoNormal\">\n<p class=\"x_MsoNormal\">Refiri\u00f3 que se requiere identificar cual es el origen y ra\u00edz de los altos \u00edndices de violencia, delitos y feminicidios, ya que es en este an\u00e1lisis es donde se podr\u00e1 encontrar que acciones se deben efectuar, para lograr incidir en la reducci\u00f3n de los mismos.<\/p>\n<p class=\"x_MsoNormal\">\n<p class=\"x_MsoNormal\">\u00c1vila Gonz\u00e1lez insisti\u00f3 que ninguna acci\u00f3n gubernamental puede hacerse de manera aislada,\u00a0 se requiere de la sinergia de esfuerzos entre todas las dependencias estatales, que se traduzcan en atender las m\u00faltiples causas de los delitos, que tienen su origen no solo en las \u00e1reas de Seguridad P\u00fablica o Procuraci\u00f3n de Justicia, sino en los rubros de desarrollo social, salud, educaci\u00f3n, cultura y empleo.<\/p>\n<p class=\"x_MsoNormal\">\n<p class=\"x_MsoNormal\">La diputada del tricolor, se pronunci\u00f3 a favor de una pol\u00edtica de prevenci\u00f3n, misma que record\u00f3 ya est\u00e1 contemplada dentro de la Ley para una Cultura de Paz y Prevenci\u00f3n de la Violencia y la Delincuencia en Michoac\u00e1n, misma que entro en vigor el pasado 1 de enero, en donde se plantea el trabajo conjunto, la intersectorialidad; interdisciplinariedad y transversalidad, como principios.<\/p>\n<p class=\"x_MsoNormal\">\n<p class=\"x_MsoNormal\">Expuso que los principios marcados en la Ley reflejan claramente cu\u00e1l debe ser el sentido de las acciones que se instrumenten desde el Gobierno Estatal para combatir y erradicar la violencia, inseguridad y los delitos.<\/p>\n","protected":false},"excerpt":{"rendered":"<p> Para  restablecer el Estado de Derecho y reducir los \u00edndices  delictivos,  se debe garantizar a la poblaci\u00f3n el bienestar social, afirm\u00f3 la diputada del PRI por el Distrito 10 de Morelia Noroeste, al asegurar que es fundamental analizar de manera reflexiva y autocritica<\/p>\n","protected":false},"author":1,"featured_media":31054,"comment_status":"open","ping_status":"open","sticky":false,"template":"","format":"standard","meta":{"footnotes":""},"categories":[6,14,7],"tags":[],"class_list":["post-31053","post","type-post","status-publish","format-standard","has-post-thumbnail","hentry","category-congreso-del-estado","category-destacadas","category-grupo-parlamentario-del-pri"],"_links":{"self":[{"href":"https:\/\/radiowebmx.com\/nota\/wp-json\/wp\/v2\/posts\/31053","targetHints":{"allow":["GET"]}}],"collection":[{"href":"https:\/\/radiowebmx.com\/nota\/wp-json\/wp\/v2\/posts"}],"about":[{"href":"https:\/\/radiowebmx.com\/nota\/wp-json\/wp\/v2\/types\/post"}],"author":[{"embeddable":true,"href":"https:\/\/radiowebmx.com\/nota\/wp-json\/wp\/v2\/users\/1"}],"replies":[{"embeddable":true,"href":"https:\/\/radiowebmx.com\/nota\/wp-json\/wp\/v2\/comments?post=31053"}],"version-history":[{"count":1,"href":"https:\/\/radiowebmx.com\/nota\/wp-json\/wp\/v2\/posts\/31053\/revisions"}],"predecessor-version":[{"id":31055,"href":"https:\/\/radiowebmx.com\/nota\/wp-json\/wp\/v2\/posts\/31053\/revisions\/31055"}],"wp:featuredmedia":[{"embeddable":true,"href":"https:\/\/radiowebmx.com\/nota\/wp-json\/wp\/v2\/media\/31054"}],"wp:attachment":[{"href":"https:\/\/radiowebmx.com\/nota\/wp-json\/wp\/v2\/media?parent=31053"}],"wp:term":[{"taxonomy":"category","embeddable":true,"href":"https:\/\/radiowebmx.com\/nota\/wp-json\/wp\/v2\/categories?post=31053"},{"taxonomy":"post_tag","embeddable":true,"href":"https:\/\/radiowebmx.com\/nota\/wp-json\/wp\/v2\/tags?post=31053"}],"curies":[{"name":"wp","href":"https:\/\/api.w.org\/{rel}","templated":true}]}}