{"id":31050,"date":"2017-02-09T12:01:09","date_gmt":"2017-02-09T18:01:09","guid":{"rendered":"https:\/\/radiowebmx.com\/nota\/?p=31050"},"modified":"2017-02-09T12:01:09","modified_gmt":"2017-02-09T18:01:09","slug":"reconoce-la-see-a-docentes-federales-por-30-anos-de-servicio","status":"publish","type":"post","link":"https:\/\/radiowebmx.com\/nota\/reconoce-la-see-a-docentes-federales-por-30-anos-de-servicio\/","title":{"rendered":"Reconoce la SEE a docentes federales por 30 a\u00f1os de servicio"},"content":{"rendered":"<p><img loading=\"lazy\" decoding=\"async\" class=\"alignleft size-full wp-image-31051\" src=\"https:\/\/radiowebmx.com\/nota\/wp-content\/uploads\/2017\/02\/ccfaf029-5726-462f-8464-e9112829a5dd.jpg\" alt=\"ccfaf029-5726-462f-8464-e9112829a5dd\" width=\"709\" height=\"709\" srcset=\"https:\/\/radiowebmx.com\/nota\/wp-content\/uploads\/2017\/02\/ccfaf029-5726-462f-8464-e9112829a5dd.jpg 709w, https:\/\/radiowebmx.com\/nota\/wp-content\/uploads\/2017\/02\/ccfaf029-5726-462f-8464-e9112829a5dd-150x150.jpg 150w, https:\/\/radiowebmx.com\/nota\/wp-content\/uploads\/2017\/02\/ccfaf029-5726-462f-8464-e9112829a5dd-300x300.jpg 300w, https:\/\/radiowebmx.com\/nota\/wp-content\/uploads\/2017\/02\/ccfaf029-5726-462f-8464-e9112829a5dd-80x80.jpg 80w, https:\/\/radiowebmx.com\/nota\/wp-content\/uploads\/2017\/02\/ccfaf029-5726-462f-8464-e9112829a5dd-200x200.jpg 200w\" sizes=\"auto, (max-width: 709px) 100vw, 709px\" \/><\/p>\n<p>&nbsp;<\/p>\n<p><strong>Morelia, Michoac\u00e1n a 08 de febrero de 2017.-<\/strong> Con el prop\u00f3sito de reconocer a los maestros michoacanos que de manera perseverante prestaron su servicio efectivo docente por 30 a\u00f1os en educaci\u00f3n b\u00e1sica en el sistema federal, la Secretar\u00eda de Educaci\u00f3n en el Estado (<span id=\"0.5690463012944051\" class=\"highlight\">SEE<\/span>) otorga la Medalla \u201cMaestro Rafael Ram\u00edrez\u201d 2017.<\/p>\n<p>Este reconocimiento se brinda a maestros del sistema federal que cumplan 30 a\u00f1os de servicio efectivo hasta el 15 de mayo de 2017; as\u00ed como a los docentes jubilados que acrediten esta antig\u00fcedad o m\u00e1s al d\u00eda de su jubilaci\u00f3n, qui\u00e9nes se hacen acreedores a una medalla de plata, diploma de reconocimiento y 46 mil 782 pesos.<\/p>\n<p>Podr\u00e1n ser galardonadas las maestras con 27 a\u00f1os, seis meses y un d\u00eda o m\u00e1s a\u00f1os efectivos de servicio docente y los maestros con 29 a\u00f1os, seis meses y un d\u00eda o m\u00e1s a\u00f1os efectivos de servicio docente, que se jubilen durante el per\u00edodo del 1\u00b0 de febrero de 2016 al 31 de enero de 2017 y que acrediten la realizaci\u00f3n de este tr\u00e1mite.<\/p>\n<p>Cabe resaltar que para la obtenci\u00f3n de este est\u00edmulo, es imprescindible no haber recibido la medalla con anterioridad y acreditar plaza docente en funci\u00f3n en tiempo real laborado, es decir, descontando los per\u00edodos de licencia sin goce de sueldo, as\u00ed como los per\u00edodos laborados con plaza o funciones administrativas si este fuese el caso.<\/p>\n<p>Para mayores informes, consulta la convocatoria publicada en la p\u00e1gina web de la secretaria de Educaci\u00f3n en Michoac\u00e1n www.educacion.michoacan.gob.mx<\/p>\n","protected":false},"excerpt":{"rendered":"<p>Con el prop\u00f3sito de reconocer a los maestros michoacanos que de manera perseverante prestaron su servicio efectivo docente por 30 a\u00f1os en educaci\u00f3n b\u00e1sica en el sistema federal, la Secretar\u00eda de Educaci\u00f3n en el Estado (SEE) otorga la Medalla \u201cMaestro Rafael Ram\u00edrez\u201d 2017.<\/p>\n","protected":false},"author":1,"featured_media":31051,"comment_status":"open","ping_status":"open","sticky":false,"template":"","format":"standard","meta":{"footnotes":""},"categories":[14,3],"tags":[],"class_list":["post-31050","post","type-post","status-publish","format-standard","has-post-thumbnail","hentry","category-destacadas","category-gobierno-del-estado-de-michoacan"],"_links":{"self":[{"href":"https:\/\/radiowebmx.com\/nota\/wp-json\/wp\/v2\/posts\/31050","targetHints":{"allow":["GET"]}}],"collection":[{"href":"https:\/\/radiowebmx.com\/nota\/wp-json\/wp\/v2\/posts"}],"about":[{"href":"https:\/\/radiowebmx.com\/nota\/wp-json\/wp\/v2\/types\/post"}],"author":[{"embeddable":true,"href":"https:\/\/radiowebmx.com\/nota\/wp-json\/wp\/v2\/users\/1"}],"replies":[{"embeddable":true,"href":"https:\/\/radiowebmx.com\/nota\/wp-json\/wp\/v2\/comments?post=31050"}],"version-history":[{"count":1,"href":"https:\/\/radiowebmx.com\/nota\/wp-json\/wp\/v2\/posts\/31050\/revisions"}],"predecessor-version":[{"id":31052,"href":"https:\/\/radiowebmx.com\/nota\/wp-json\/wp\/v2\/posts\/31050\/revisions\/31052"}],"wp:featuredmedia":[{"embeddable":true,"href":"https:\/\/radiowebmx.com\/nota\/wp-json\/wp\/v2\/media\/31051"}],"wp:attachment":[{"href":"https:\/\/radiowebmx.com\/nota\/wp-json\/wp\/v2\/media?parent=31050"}],"wp:term":[{"taxonomy":"category","embeddable":true,"href":"https:\/\/radiowebmx.com\/nota\/wp-json\/wp\/v2\/categories?post=31050"},{"taxonomy":"post_tag","embeddable":true,"href":"https:\/\/radiowebmx.com\/nota\/wp-json\/wp\/v2\/tags?post=31050"}],"curies":[{"name":"wp","href":"https:\/\/api.w.org\/{rel}","templated":true}]}}