{"id":31047,"date":"2017-02-09T11:59:12","date_gmt":"2017-02-09T17:59:12","guid":{"rendered":"https:\/\/radiowebmx.com\/nota\/?p=31047"},"modified":"2017-02-09T11:59:12","modified_gmt":"2017-02-09T17:59:12","slug":"inaugura-see-la-unidad-virtual-de-extension-universitaria-en-maravatio-michoacan","status":"publish","type":"post","link":"https:\/\/radiowebmx.com\/nota\/inaugura-see-la-unidad-virtual-de-extension-universitaria-en-maravatio-michoacan\/","title":{"rendered":"Inaugura SEE la Unidad Virtual de Extensi\u00f3n Universitaria en Maravat\u00edo Michoac\u00e1n"},"content":{"rendered":"<div><img loading=\"lazy\" decoding=\"async\" class=\"alignleft size-full wp-image-31048\" src=\"https:\/\/radiowebmx.com\/nota\/wp-content\/uploads\/2017\/02\/b2ab3ca9-48fc-406e-a1d0-ee6a5131b297.jpg\" alt=\"b2ab3ca9-48fc-406e-a1d0-ee6a5131b297\" width=\"709\" height=\"472\" srcset=\"https:\/\/radiowebmx.com\/nota\/wp-content\/uploads\/2017\/02\/b2ab3ca9-48fc-406e-a1d0-ee6a5131b297.jpg 709w, https:\/\/radiowebmx.com\/nota\/wp-content\/uploads\/2017\/02\/b2ab3ca9-48fc-406e-a1d0-ee6a5131b297-300x200.jpg 300w\" sizes=\"auto, (max-width: 709px) 100vw, 709px\" \/><\/div>\n<div><\/div>\n<div><strong>Maravat\u00edo, Michoac\u00e1n a 08 de febrero de 2017.-<\/strong> Con la finalidad de incrementar las opciones educativas de nivel superior que redunden en beneficio de las y los j\u00f3venes estudiantes y profesionistas en la regi\u00f3n, la Secretar\u00eda de Educaci\u00f3n en el Estado (SEE), a trav\u00e9s de la Universidad Virtual del Estado de Michoac\u00e1n (Univim), inaugur\u00f3 la Unidad de Extensi\u00f3n Universitaria (UVEU)\u00a0 en el municipio de Maravat\u00edo, Michoac\u00e1n.<\/div>\n<div><\/div>\n<div>Durante el evento, Alberto Frutis Sol\u00eds, secretario de Educaci\u00f3n, refiri\u00f3 a los presentes que: \u201ctener un servicio como este implica que los habitantes de la regi\u00f3n tendr\u00e1n acceso a la educaci\u00f3n superior desde su lugar de origen, sin tener que desplazarse a otras ciudades, lo que generar\u00e1 un ahorro monetario considerable y mantendr\u00e1 unidas a las familias\u201d.<\/div>\n<div><\/div>\n<div>Asimismo resalt\u00f3 la importancia de la instalaci\u00f3n de dicha unidad, cuya finalidad es proporcionar una educaci\u00f3n de calidad, que les permita a j\u00f3venes y profesionistas, prepararse en el nivel superior y de posgrado en una universidad con las bondades, beneficios y trascendencia social como la Univim.<\/p>\n<p>Finalmente destac\u00f3 que en la universidad est\u00e1n a disposici\u00f3n 28 carreras, 2 maestr\u00edas, un doctorado y diplomados en una gran diversidad de especialidades, que permitir\u00e1n acrecentar el nivel acad\u00e9mico de los estudiantes, con el respaldo oficial de la dependencia y la certeza de la acreditaci\u00f3n de los documentos.<\/p><\/div>\n<div><\/div>\n<div>Por su parte, Silvia Mendoza Valenzuela, rectora de la Univim, resalt\u00f3 que hasta el momento se han firmado 24 convenios para establecer unidades virtuales de extensi\u00f3n universitaria, y son tambi\u00e9n 43 ayuntamientos en los cuales ya existe la autorizaci\u00f3n para la puesta en marcha de las dem\u00e1s unidades, de tal forma que suman 90 municipios, que han acatado el proyecto general de la educaci\u00f3n que ha establecido el Gobierno del Estado en coordinaci\u00f3n con la dependencia educativa cuya meta es ampliar la cobertura en educaci\u00f3n superior.<\/div>\n<div><\/div>\n<div>En este sentido expres\u00f3 que dada la modernidad y sus avances tecnol\u00f3gicos que actualmente existen en todas las sociedades, la educaci\u00f3n no s\u00f3lo reproduce ense\u00f1anza a trav\u00e9s de la palabra, sino que se hace usufructo de los medios electr\u00f3nicos para incrementar la gama de opciones para el fomento educativo, mismo que la Univim ofrece a m\u00e1s 2 mil estudiantes michoacanos.<\/div>\n<div><\/div>\n<div>Cabe resaltar que la educaci\u00f3n es el proceso mediante el cual, la persona asimila y aprende conocimientos, desarrolla la capacidad intelectual moral afectiva, estimula las habilidades, fomenta los valores, genera h\u00e1bitos positivos e induce a la investigaci\u00f3n.<\/div>\n","protected":false},"excerpt":{"rendered":"<p>Con la finalidad de incrementar las opciones educativas de nivel superior que redunden en beneficio de las y los j\u00f3venes estudiantes y profesionistas en la regi\u00f3n, la SEE, a trav\u00e9s de la Universidad Virtual del Estado de Michoac\u00e1n (Univim), inaugur\u00f3 la UVEU  en el municipio de Maravat\u00edo, Michoac\u00e1n.<\/p>\n","protected":false},"author":1,"featured_media":31048,"comment_status":"open","ping_status":"open","sticky":false,"template":"","format":"standard","meta":{"footnotes":""},"categories":[14,3],"tags":[],"class_list":["post-31047","post","type-post","status-publish","format-standard","has-post-thumbnail","hentry","category-destacadas","category-gobierno-del-estado-de-michoacan"],"_links":{"self":[{"href":"https:\/\/radiowebmx.com\/nota\/wp-json\/wp\/v2\/posts\/31047","targetHints":{"allow":["GET"]}}],"collection":[{"href":"https:\/\/radiowebmx.com\/nota\/wp-json\/wp\/v2\/posts"}],"about":[{"href":"https:\/\/radiowebmx.com\/nota\/wp-json\/wp\/v2\/types\/post"}],"author":[{"embeddable":true,"href":"https:\/\/radiowebmx.com\/nota\/wp-json\/wp\/v2\/users\/1"}],"replies":[{"embeddable":true,"href":"https:\/\/radiowebmx.com\/nota\/wp-json\/wp\/v2\/comments?post=31047"}],"version-history":[{"count":1,"href":"https:\/\/radiowebmx.com\/nota\/wp-json\/wp\/v2\/posts\/31047\/revisions"}],"predecessor-version":[{"id":31049,"href":"https:\/\/radiowebmx.com\/nota\/wp-json\/wp\/v2\/posts\/31047\/revisions\/31049"}],"wp:featuredmedia":[{"embeddable":true,"href":"https:\/\/radiowebmx.com\/nota\/wp-json\/wp\/v2\/media\/31048"}],"wp:attachment":[{"href":"https:\/\/radiowebmx.com\/nota\/wp-json\/wp\/v2\/media?parent=31047"}],"wp:term":[{"taxonomy":"category","embeddable":true,"href":"https:\/\/radiowebmx.com\/nota\/wp-json\/wp\/v2\/categories?post=31047"},{"taxonomy":"post_tag","embeddable":true,"href":"https:\/\/radiowebmx.com\/nota\/wp-json\/wp\/v2\/tags?post=31047"}],"curies":[{"name":"wp","href":"https:\/\/api.w.org\/{rel}","templated":true}]}}