{"id":31027,"date":"2017-02-09T11:26:50","date_gmt":"2017-02-09T17:26:50","guid":{"rendered":"https:\/\/radiowebmx.com\/nota\/?p=31027"},"modified":"2017-02-09T11:26:50","modified_gmt":"2017-02-09T17:26:50","slug":"exito-de-las-zee-indispensable-para-abatir-el-rezago-en-mexico-silvano-aureoles","status":"publish","type":"post","link":"https:\/\/radiowebmx.com\/nota\/exito-de-las-zee-indispensable-para-abatir-el-rezago-en-mexico-silvano-aureoles\/","title":{"rendered":"\u00c9xito de las ZEE, indispensable para abatir el rezago en M\u00e9xico: Silvano Aureoles"},"content":{"rendered":"<p><img loading=\"lazy\" decoding=\"async\" class=\"alignleft size-full wp-image-31028\" src=\"https:\/\/radiowebmx.com\/nota\/wp-content\/uploads\/2017\/02\/8c28fee9-6beb-48e5-bef3-b22833751c0e.jpeg\" alt=\"8c28fee9-6beb-48e5-bef3-b22833751c0e\" width=\"709\" height=\"472\" srcset=\"https:\/\/radiowebmx.com\/nota\/wp-content\/uploads\/2017\/02\/8c28fee9-6beb-48e5-bef3-b22833751c0e.jpeg 709w, https:\/\/radiowebmx.com\/nota\/wp-content\/uploads\/2017\/02\/8c28fee9-6beb-48e5-bef3-b22833751c0e-300x200.jpeg 300w\" sizes=\"auto, (max-width: 709px) 100vw, 709px\" \/><\/p>\n<p>&nbsp;<\/p>\n<p><strong>Ciudad de M\u00e9xico, a 8 de febrero de 2017.-<\/strong> El Gobernador del Estado de Michoac\u00e1n, Silvano Aureoles Conejo, particip\u00f3 esta tarde en la primera sesi\u00f3n ordinaria de la Comisi\u00f3n Intersecretarial de las Zonas Econ\u00f3micas Especiales (ZEE), donde manifest\u00f3 que el \u00e9xito de estas zonas es indispensable para abatir el rezago hist\u00f3rico que vive M\u00e9xico, para lo cual es menester la conjunci\u00f3n de esfuerzos entre los diferentes \u00f3rdenes de gobierno.<\/p>\n<p>Durante la reuni\u00f3n encabezada por el secretario de Hacienda y Cr\u00e9dito P\u00fablico, Jos\u00e9 Antonio Meade Kuribre\u00f1a, el mandatario michoacano dijo que la realidad nacional y los desaf\u00edos del exterior, exigen elevar la productividad y brindar m\u00e1s y mejores empleos, que mejorar\u00e1n la calidad de vida de cientos de familias.<\/p>\n<p>As\u00ed, el reto es lograr un crecimiento homog\u00e9neo, potenciando las ventajas que ya tenemos, para forjar un M\u00e9xico m\u00e1s competitivo.<\/p>\n<p>Al respecto, detall\u00f3 que en el caso de Michoac\u00e1n, el puerto de L\u00e1zaro C\u00e1rdenas ser\u00e1 pieza clave de esta estrategia y por ello, ya se trabaja codo a codo con la Autoridad Federal para que se decrete sin contratiempo la declaratoria de la Zona.<\/p>\n<p>En el mismo tenor, Aureoles Conejo manifest\u00f3 que ante el contexto internacional y nacional que vivimos, es imperativo aprovechar esta gran estrategia que permitir\u00e1 detonar, en el caso de nuestro estado, el crecimiento de L\u00e1zaro C\u00e1rdenas, la puerta natural de M\u00e9xico con el mercado asi\u00e1tico.<\/p>\n<p>&#8220;Las entidades federativas debemos mantener absoluta coordinaci\u00f3n con la Federaci\u00f3n, para acelerar lo que haga falta para que las ZEE sean una realidad&#8221;, recalc\u00f3.<\/p>\n<p>Ante sus hom\u00f3logos de otras entidades y Gerardo Guti\u00e9rrez Candiani, autoridad federal para el Desarrollo de las Zonas Econ\u00f3micas Especiales, Silvano Aureoles se pronunci\u00f3 por generar encadenamientos productivos y v\u00ednculos con las empresas y trabajadores locales, potenciando as\u00ed las derramas econ\u00f3micas y sociales de casa regi\u00f3n del pa\u00eds.<\/p>\n<p>&#8220;El \u00e9xito de las diferentes Zonas Econ\u00f3micas Especiales de M\u00e9xico es indispensable para abatir el rezago hist\u00f3rico, no s\u00f3lo por un tema de justicia social, sino para alcanzar mayores niveles de crecimiento, estabilidad y competitividad&#8221;, estableci\u00f3.<\/p>\n","protected":false},"excerpt":{"rendered":"<p>El Gobernador del Estado de Michoac\u00e1n, Silvano Aureoles Conejo, particip\u00f3 esta tarde en la primera sesi\u00f3n ordinaria de la Comisi\u00f3n Intersecretarial de las Zonas Econ\u00f3micas Especiales (ZEE)<\/p>\n","protected":false},"author":1,"featured_media":31028,"comment_status":"open","ping_status":"open","sticky":false,"template":"","format":"standard","meta":{"footnotes":""},"categories":[14,3],"tags":[],"class_list":["post-31027","post","type-post","status-publish","format-standard","has-post-thumbnail","hentry","category-destacadas","category-gobierno-del-estado-de-michoacan"],"_links":{"self":[{"href":"https:\/\/radiowebmx.com\/nota\/wp-json\/wp\/v2\/posts\/31027","targetHints":{"allow":["GET"]}}],"collection":[{"href":"https:\/\/radiowebmx.com\/nota\/wp-json\/wp\/v2\/posts"}],"about":[{"href":"https:\/\/radiowebmx.com\/nota\/wp-json\/wp\/v2\/types\/post"}],"author":[{"embeddable":true,"href":"https:\/\/radiowebmx.com\/nota\/wp-json\/wp\/v2\/users\/1"}],"replies":[{"embeddable":true,"href":"https:\/\/radiowebmx.com\/nota\/wp-json\/wp\/v2\/comments?post=31027"}],"version-history":[{"count":1,"href":"https:\/\/radiowebmx.com\/nota\/wp-json\/wp\/v2\/posts\/31027\/revisions"}],"predecessor-version":[{"id":31029,"href":"https:\/\/radiowebmx.com\/nota\/wp-json\/wp\/v2\/posts\/31027\/revisions\/31029"}],"wp:featuredmedia":[{"embeddable":true,"href":"https:\/\/radiowebmx.com\/nota\/wp-json\/wp\/v2\/media\/31028"}],"wp:attachment":[{"href":"https:\/\/radiowebmx.com\/nota\/wp-json\/wp\/v2\/media?parent=31027"}],"wp:term":[{"taxonomy":"category","embeddable":true,"href":"https:\/\/radiowebmx.com\/nota\/wp-json\/wp\/v2\/categories?post=31027"},{"taxonomy":"post_tag","embeddable":true,"href":"https:\/\/radiowebmx.com\/nota\/wp-json\/wp\/v2\/tags?post=31027"}],"curies":[{"name":"wp","href":"https:\/\/api.w.org\/{rel}","templated":true}]}}