{"id":31024,"date":"2017-02-09T11:17:36","date_gmt":"2017-02-09T17:17:36","guid":{"rendered":"https:\/\/radiowebmx.com\/nota\/?p=31024"},"modified":"2017-02-09T11:17:37","modified_gmt":"2017-02-09T17:17:37","slug":"sesesp-por-generar-entornos-que-favorezcan-la-convivencia-y-la-seguridad-ciudadana","status":"publish","type":"post","link":"https:\/\/radiowebmx.com\/nota\/sesesp-por-generar-entornos-que-favorezcan-la-convivencia-y-la-seguridad-ciudadana\/","title":{"rendered":"SESESP, por generar entornos que favorezcan la convivencia y la seguridad ciudadana"},"content":{"rendered":"<p><img loading=\"lazy\" decoding=\"async\" class=\"alignleft size-full wp-image-31025\" src=\"https:\/\/radiowebmx.com\/nota\/wp-content\/uploads\/2017\/02\/2f1421f4-be43-4bae-8d35-b645052986f6.jpeg\" alt=\"2f1421f4-be43-4bae-8d35-b645052986f6\" width=\"709\" height=\"945\" srcset=\"https:\/\/radiowebmx.com\/nota\/wp-content\/uploads\/2017\/02\/2f1421f4-be43-4bae-8d35-b645052986f6.jpeg 709w, https:\/\/radiowebmx.com\/nota\/wp-content\/uploads\/2017\/02\/2f1421f4-be43-4bae-8d35-b645052986f6-225x300.jpeg 225w\" sizes=\"auto, (max-width: 709px) 100vw, 709px\" \/><\/p>\n<p>&nbsp;<\/p>\n<p><strong>Morelia, Michoac\u00e1n, a 8 de febrero de 2017.-<\/strong> Con acciones encaminadas a generar entornos que favorezcan la convivencia, la seguridad ciudadana y mejorar la imagen urbana, en los pr\u00f3ximos d\u00edas el Secretariado Ejecutivo del Sistema Estatal de Seguridad P\u00fablica (SESESP), encabezado por Dolores de \u00c1ngeles N\u00e1zares Jer\u00f3nimo, en coordinaci\u00f3n con los municipios de Zamora, Apatzing\u00e1n, Morelia y Uruapan, dar\u00e1n inicio a la entrega de kits para la pinta de fachadas en viviendas de los diferentes pol\u00edgonos de los municipios mencionados anteriormente.<\/p>\n<p>Dicha acci\u00f3n, enmarcada en el Programa Nacional de Prevenci\u00f3n del Delito\u00a0 (Pronapred), tiene como objetivo contribuir a la reducci\u00f3n de la violencia y delincuencia, generando entornos que favorezcan la convivencia y seguridad ciudadana, apunt\u00f3 N\u00e1zares Jer\u00f3nimo.<\/p>\n<p>En Morelia, este s\u00e1bado 11 de febrero se llevar\u00e1 a cabo la pinta de 250 fachadas de viviendas en el pol\u00edgono 2 en la colonia Lomas de Morelia; en Zamora, el 15 de febrero ser\u00e1n 300 las viviendas beneficiadas de tres pol\u00edgonos de este municipio, en las colonias del Sacrificio, Valle Dorado, las Lomas, L\u00e1zaro C\u00e1rdenas 1 y 2, Adolfo L\u00f3pez Mateos y General\u00edsimo Morelos.<\/p>\n<p>Asimismo, en Apatzing\u00e1n el 18 de febrero ser\u00e1n 122 viviendas beneficiadas en la colonia L\u00e1zaro C\u00e1rdenas; en Uruapan se pintar\u00e1n 480 viviendas en los pol\u00edgonos 1, 2 y 3, que comprenden las colonias 28 de octubre, Lagunas de la Ahogada y Plan de San Luis, los d\u00edas 18 y 25 de febrero.<\/p>\n<p>Cabe mencionar que se capacitar\u00e1 a las personas beneficiadas para que aprendan a pintar las fachadas de sus viviendas, y se entregar\u00e1n mil 152 kits que cuentan con pintura, rodillos y sellador, es decir, uno por cada casa.<\/p>\n<p>\u201cCon la pinta de fachadas coadyuvamos al mejoramiento del entorno de las colonias con alto riesgo de hechos delictivos al mejorar la imagen urbana, a cambiar positivamente la percepci\u00f3n de seguridad, fomentar la convivencia social entre vecinos a trav\u00e9s de la actividad de la pinta de fachadas, brindando ayuda mutuamente\u201d, indic\u00f3 la titular del SESESP.<\/p>\n","protected":false},"excerpt":{"rendered":"<p>Con acciones encaminadas a generar entornos que favorezcan la convivencia, la seguridad ciudadana y mejorar la imagen urbana, en los pr\u00f3ximos d\u00edas el Secretariado Ejecutivo del Sistema Estatal de Seguridad P\u00fablica (SESESP), encabezado por Dolores de \u00c1ngeles N\u00e1zares Jer\u00f3nimo<\/p>\n","protected":false},"author":1,"featured_media":31025,"comment_status":"open","ping_status":"open","sticky":false,"template":"","format":"standard","meta":{"footnotes":""},"categories":[14,3],"tags":[],"class_list":["post-31024","post","type-post","status-publish","format-standard","has-post-thumbnail","hentry","category-destacadas","category-gobierno-del-estado-de-michoacan"],"_links":{"self":[{"href":"https:\/\/radiowebmx.com\/nota\/wp-json\/wp\/v2\/posts\/31024","targetHints":{"allow":["GET"]}}],"collection":[{"href":"https:\/\/radiowebmx.com\/nota\/wp-json\/wp\/v2\/posts"}],"about":[{"href":"https:\/\/radiowebmx.com\/nota\/wp-json\/wp\/v2\/types\/post"}],"author":[{"embeddable":true,"href":"https:\/\/radiowebmx.com\/nota\/wp-json\/wp\/v2\/users\/1"}],"replies":[{"embeddable":true,"href":"https:\/\/radiowebmx.com\/nota\/wp-json\/wp\/v2\/comments?post=31024"}],"version-history":[{"count":1,"href":"https:\/\/radiowebmx.com\/nota\/wp-json\/wp\/v2\/posts\/31024\/revisions"}],"predecessor-version":[{"id":31026,"href":"https:\/\/radiowebmx.com\/nota\/wp-json\/wp\/v2\/posts\/31024\/revisions\/31026"}],"wp:featuredmedia":[{"embeddable":true,"href":"https:\/\/radiowebmx.com\/nota\/wp-json\/wp\/v2\/media\/31025"}],"wp:attachment":[{"href":"https:\/\/radiowebmx.com\/nota\/wp-json\/wp\/v2\/media?parent=31024"}],"wp:term":[{"taxonomy":"category","embeddable":true,"href":"https:\/\/radiowebmx.com\/nota\/wp-json\/wp\/v2\/categories?post=31024"},{"taxonomy":"post_tag","embeddable":true,"href":"https:\/\/radiowebmx.com\/nota\/wp-json\/wp\/v2\/tags?post=31024"}],"curies":[{"name":"wp","href":"https:\/\/api.w.org\/{rel}","templated":true}]}}