{"id":30999,"date":"2017-02-09T10:46:58","date_gmt":"2017-02-09T16:46:58","guid":{"rendered":"https:\/\/radiowebmx.com\/nota\/?p=30999"},"modified":"2017-02-09T10:46:58","modified_gmt":"2017-02-09T16:46:58","slug":"premian-a-ganadores-del-concurso-artesanal-del-oriente-michoacano","status":"publish","type":"post","link":"https:\/\/radiowebmx.com\/nota\/premian-a-ganadores-del-concurso-artesanal-del-oriente-michoacano\/","title":{"rendered":"Premian a ganadores del concurso artesanal del Oriente michoacano"},"content":{"rendered":"<p><img loading=\"lazy\" decoding=\"async\" class=\"alignleft size-full wp-image-31000\" src=\"https:\/\/radiowebmx.com\/nota\/wp-content\/uploads\/2017\/02\/c2c1430a-7706-49be-b34c-f675e9367b98.jpg\" alt=\"c2c1430a-7706-49be-b34c-f675e9367b98\" width=\"709\" height=\"573\" srcset=\"https:\/\/radiowebmx.com\/nota\/wp-content\/uploads\/2017\/02\/c2c1430a-7706-49be-b34c-f675e9367b98.jpg 709w, https:\/\/radiowebmx.com\/nota\/wp-content\/uploads\/2017\/02\/c2c1430a-7706-49be-b34c-f675e9367b98-300x242.jpg 300w\" sizes=\"auto, (max-width: 709px) 100vw, 709px\" \/><\/p>\n<p>&nbsp;<\/p>\n<p><strong>Zit\u00e1cuaro, Michoac\u00e1n, a 8 de febrero de 2017.-\u00a0<\/strong>Artesanas y artesanos de San\u00a0Crist\u00f3bal, El Paso, Boca de la Ca\u00f1ada, Donaciano Ojeda, Macho de Agua y Zit\u00e1cuaro, se dieron cita en las instalaciones de la Feria de Zit\u00e1cuaro para participar en el XXV Concurso Regional de la Zona Oriente de Michoac\u00e1n, el cual estuvo a cargo del Instituto del Artesano Michoacano (IAM) y el Ayuntamiento de este municipio, que entregaron 40 mil pesos en premios a las y los ganadores.<\/p>\n<p>Durante la ceremonia de premiaci\u00f3n, el jefe del Departamento de Concursos Artesanales del IAM, Silvestre Z\u00fa\u00f1iga Olvera, felicit\u00f3 a las y los participantes y ganadores, y los exhort\u00f3 para que los d\u00edas 3 y 4 de abril inscriban sus piezas para el concurso en la localidad de Uruapan, con motivo del Domingo de Ramos.<\/p>\n<p>El director de Desarrollo Econ\u00f3mico del Ayuntamiento de Zit\u00e1cuaro, Ra\u00fal Constantino Garc\u00eda P\u00e9rez, enalteci\u00f3 la labor del trabajo artesanal y se\u00f1al\u00f3 que no s\u00f3lo dejan su vista y sus horas de trabajo en cada pieza que elaboran, sino el coraz\u00f3n por el amor con que elaboran cada uno de los detalles para presentar un trabajo de calidad.<\/p>\n<p>Asimismo, solicit\u00f3 al IAM continuar la gesti\u00f3n de espacios para la venta de la artesan\u00eda de este municipio y que tambi\u00e9n sea una oportunidad para que las y los creadores salgan a comercializar de manera directa sus piezas.<\/p>\n<p>Por su parte, Argimiro Cort\u00e9s Esteban, de la Comisi\u00f3n Nacional para el Desarrollo de los Pueblos Ind\u00edgenas, invit\u00f3 a las artesanas y artesanos de Zit\u00e1cuaro a trabajar sus piezas con las t\u00e9cnicas tradicionales de sus localidades y a no perder la esencia de sus materiales, ya que es lo que los distingue.<\/p>\n<p>Los art\u00edfices ganadores en este concurso fueron: Erika Silverio Santana, en la rama de alfarer\u00eda; Mar\u00eda Guadalupe P\u00e9rez T\u00e9llez, en textil de algod\u00f3n bordado; Mar\u00eda Adela Gonz\u00e1lez Miranda, textiles deshilados; Martha P\u00e9rez T\u00e9llez, textiles de lana; Mar\u00eda Sabina Cruz Vega, gabanes en telar de pedal; Alfreda Montiel Villegas, gabanes y rebozos en telar de cintura; y Laurencio Reyes Hern\u00e1ndez, en la rama de ocochal.<\/p>\n","protected":false},"excerpt":{"rendered":"<p>Artesanas y artesanos de San Crist\u00f3bal, El Paso, Boca de la Ca\u00f1ada, Donaciano Ojeda, Macho de Agua y Zit\u00e1cuaro, se dieron cita en las instalaciones de la Feria de Zit\u00e1cuaro para participar en el XXV Concurso Regional de la Zona Oriente de Michoac\u00e1n, el cual estuvo a cargo del Instituto del Artesano Michoacano (IAM) y el Ayuntamiento de este municipio, que entregaron 40 mil pesos en premios a las y los ganadores.<\/p>\n","protected":false},"author":1,"featured_media":31000,"comment_status":"open","ping_status":"open","sticky":false,"template":"","format":"standard","meta":{"footnotes":""},"categories":[14,3],"tags":[],"class_list":["post-30999","post","type-post","status-publish","format-standard","has-post-thumbnail","hentry","category-destacadas","category-gobierno-del-estado-de-michoacan"],"_links":{"self":[{"href":"https:\/\/radiowebmx.com\/nota\/wp-json\/wp\/v2\/posts\/30999","targetHints":{"allow":["GET"]}}],"collection":[{"href":"https:\/\/radiowebmx.com\/nota\/wp-json\/wp\/v2\/posts"}],"about":[{"href":"https:\/\/radiowebmx.com\/nota\/wp-json\/wp\/v2\/types\/post"}],"author":[{"embeddable":true,"href":"https:\/\/radiowebmx.com\/nota\/wp-json\/wp\/v2\/users\/1"}],"replies":[{"embeddable":true,"href":"https:\/\/radiowebmx.com\/nota\/wp-json\/wp\/v2\/comments?post=30999"}],"version-history":[{"count":1,"href":"https:\/\/radiowebmx.com\/nota\/wp-json\/wp\/v2\/posts\/30999\/revisions"}],"predecessor-version":[{"id":31001,"href":"https:\/\/radiowebmx.com\/nota\/wp-json\/wp\/v2\/posts\/30999\/revisions\/31001"}],"wp:featuredmedia":[{"embeddable":true,"href":"https:\/\/radiowebmx.com\/nota\/wp-json\/wp\/v2\/media\/31000"}],"wp:attachment":[{"href":"https:\/\/radiowebmx.com\/nota\/wp-json\/wp\/v2\/media?parent=30999"}],"wp:term":[{"taxonomy":"category","embeddable":true,"href":"https:\/\/radiowebmx.com\/nota\/wp-json\/wp\/v2\/categories?post=30999"},{"taxonomy":"post_tag","embeddable":true,"href":"https:\/\/radiowebmx.com\/nota\/wp-json\/wp\/v2\/tags?post=30999"}],"curies":[{"name":"wp","href":"https:\/\/api.w.org\/{rel}","templated":true}]}}