{"id":30981,"date":"2017-02-06T11:46:59","date_gmt":"2017-02-06T17:46:59","guid":{"rendered":"https:\/\/radiowebmx.com\/nota\/?p=30981"},"modified":"2017-02-08T11:47:10","modified_gmt":"2017-02-08T17:47:10","slug":"temas-de-cafe-607","status":"publish","type":"post","link":"https:\/\/radiowebmx.com\/nota\/temas-de-cafe-607\/","title":{"rendered":"TEMAS DE CAF\u00c9"},"content":{"rendered":"<ul>\n<li>\u00bfSE CIERRA EL CENTRO O NO?<\/li>\n<li>SEDATU Y EL INAH EN CONTRA<\/li>\n<li>CUAHUTEMOC BIEN Y \u00bfLAZARO?<\/li>\n<li>PRI DEBERA HACER MILAGROS<\/li>\n<\/ul>\n<p>Por Juan Manuel BELMONTE<\/p>\n<p>Cerrar el Centro Hist\u00f3rico es un viejo sue\u00f1o, que alegra a muchos y molesta a otros, es una propuesta que tiene varias d\u00e9cadas, por lo menos desde que don Carlos Torres Manzo fue gobernador, retomado posteriormente por Germ\u00e1n Ireta Alas, cuando fue presidente municipal de Morelia, pero siempre se presentaron problemas por lo intrincado de las calles de Morelia, la antigua y monacal Nueva Valladolid que como usted\u00a0 debe saber, sus calles eran para otra clase de veh\u00edculos, de tracci\u00f3n animal obviamente estrechas y para baja velocidad, ahora el presidente independiente Alfonso Mart\u00ednez retom\u00f3 la idea, tratando seguramente de ser original y todo m\u00e1s o menos iba bien, ya que los comerciantes y pocos vecinos que a\u00fan hay en el Centro, concedieron su aval pero Sedatu y el INHA hasta ahora no han aprobado el proyecto.<\/p>\n<p>ANTONIO PLAZA AFIRMA QUE TODO ESTA BAJO CONTROL<\/p>\n<p>Hasta el momento Antonio Plaza Urbina uno de los cerebros, de la actual administraci\u00f3n municipal afirma, que todos encuentra bajo control y que el proyecto de cerrar, el centro hist\u00f3rico para hacerlo ciento peatonal, va por buen camino pero en el INAH Michoac\u00e1n, afirman todo lo contrario se\u00f1alan que el proyecto, tiene serias inconsistencias precisamente por eso es, que el gobierno municipal, siempre de la mano de Antonio ha preferido acudir, hasta la ciudad de M\u00e9xico para hacer a un lado al INAH Michoac\u00e1n.<\/p>\n<p>Aqu\u00ed tenemos el primer problema que le podemos ver, porque Antonio Plaza afirm\u00f3 que efectivamente, estaban platicando directamente con el INAH capitalino o sea el nacional, lo cual desde cualquier punto de vista est\u00e1 mal, no se puede obviar al INAH michoacano, es el que conoce mejor la situaci\u00f3n en primera instancia, de hacerlo a un lado estar\u00edan violando la normatividad, por lo cual en este caso preferimos creerle al INAH Michoac\u00e1n.<\/p>\n<p>SEDATU RETIRA 18.8 MILLONES AL PROYECTO<\/p>\n<p>Falta el expediente t\u00e9cnico hasta estos d\u00edas, no se ha concretado nada raz\u00f3n principal por la cual la Sedatu, retir\u00f3 los recursos destinados para este fin 18.5 millones de pesos, dentro del programa infraestructura para el H\u00e1bitat, dentro del apartado de centros hist\u00f3ricos que adem\u00e1s dijo,\u00a0 Iv\u00e1n Arturo\u00a0 P\u00e9rez Negr\u00f3n el subdelegado de Sedatu en el estado, \u00a0es el \u00fanico que se aplica en la entidad, porque seguramente los alcaldes no conocen bien este apartado.<\/p>\n<p>Antonio Plaza se muestra seguro de que se har\u00e1 realidad, este proyecto que l\u00f3gicamente puede cambiar para bien, la imagen de Morelia porque se supone y solamente se supone, que con este proyecto de cerrar al tr\u00e1fico el centro, se acabar\u00e1n muchos problemas como podr\u00edan ser, las manifestaciones constantes y\u00a0 bloqueos en la Avenida\u00a0 Madero, lo cual desde luego no es una garant\u00eda.<\/p>\n<p>De esta manera Antonio Plaza dijo disponer de un fondo, de 25 millones para continuar con los trabajos, mientras tanto Iv\u00e1n Arturo P\u00e9rez Negr\u00f3n, dej\u00f3 abierta la posibilidad de que una vez que el ayuntamiento moreliano, cumpla con subsanar la inconsistencias, pueda disponerse de ese recurso porque el proyecto no est\u00e1 del todo mal, habr\u00e1 de verse c\u00f3mo funciona en la realidad, pero por ahora ese recurso est\u00e1 volando.<\/p>\n<p>\u00bfPORQUE\u00a0 ESTAMOS MAL SI CASI EN TODO ESTAMOS BIEN?<\/p>\n<p>Siempre nos hemos preguntado \u00bfpor qu\u00e9 estamos mal, si en casi en todo estamos bien?, vea usted Michoac\u00e1n es un prodigio de climas y abundante disponibilidad de agua, que nos permite tener primeros lugares en una diversidad de productos, por ejemplo en aguacate,\u00a0 en la berries, zarzamoras, lim\u00f3n, pl\u00e1tano, mango, fresa, carambolo, en la producci\u00f3n de papa, camote, verduras, legumbres, carne, madera, pescado en aguas internas, en flores, minerales, tenemos lagunas, lagos, r\u00edos, playas, minas en fin de todo.<\/p>\n<p>Adem\u00e1s somos referentes en el turismo, y el primer lugar en remesas de los migrantes\u00a0 casi dos mil 500 millones de d\u00f3lares por a\u00f1o promedio, entonces \u00bfpor qu\u00e9 carajos dec\u00eda mi t\u00eda Nina estamos as\u00ed?, la verdad que alguien nos lo explique en forma detallada, es m\u00e1s con manzanitas porque no logramos entender esta situaci\u00f3n, adem\u00e1s por si fuera poco todo esto, la ubicaci\u00f3n geogr\u00e1fica de Michoac\u00e1n y su puerto uno de los mejores de M\u00e9xico, y a pesar de todo eso \u00bfpor qu\u00e9 estamos tan mal?, \u00bfd\u00f3nde nos echamos a perder?.<\/p>\n<p>POR MULTAS Y RECORTE, PRI TENDR\u00c1 QUE HACER MILAGROS<\/p>\n<p>El PRI Michoacano se encuentra ante uno de sus grandes retos, y eso en un a\u00f1o previo\u00a0 a las elecciones federales\u00a0 estatales, donde como usted sabe deber\u00e1n haber relevos en miles de puestos pol\u00edticos, aunque tambi\u00e9n habr\u00e1 posibilidades de reelecci\u00f3n,\u00a0 en varios puestos el dirigente estatal V\u00edctor Silva Tejeda, afirm\u00f3 que el a\u00f1o pasado se trabaj\u00f3 con\u00a0 37 millones de pesos, mientras que en este a\u00f1o producto de 10 millones en multas, por errores en las administraciones pasadas, y el regreso de siete millones que no\u00a0 justificaron las dirigencias anteriores.<\/p>\n<p>M\u00e1s los dos millones de pesos por concepto del recorte, del cinco por ciento por parte del IEM, la situaci\u00f3n se pondr\u00e1 sumamente\u00a0 complicada, a pesar de eso el dirigente estatal afirm\u00f3 que se realizar\u00e1, una reingenier\u00eda para poder trabajar bien con lo que se tiene, adem\u00e1s buscar\u00e1 otros recursos \u00a0en la dirigencia nacional. Adem\u00e1s dijo no estar de acuerdo con ese recorte por el IEM, pero como es para todos por igual lo deber\u00e1 acatar.<\/p>\n<p>CCS LLAMA A DEFINIR EL RUMBO DE MEXICO<\/p>\n<p>Aunque para algunas personas el ingeniero Cuauht\u00e9moc C\u00e1rdenas, ya debe descansar llama la atenci\u00f3n que pocos como \u00e9l, intentan definir el rumbo de M\u00e9xico porque aunque hay sectores, que han hecho llamados a la unidad concretamente, no se sabe para qu\u00e9 llaman a la unidad tal vez para recibir, las pedradas todos juntos y as\u00ed ante muchos nos toquen menos, por lo que en la ciudad de M\u00e9xico ante un grupo de amigos, llam\u00f3 para que el 25 del mes entrante, \u00a0crear un amplio directorio de personas interesadas, en el pa\u00eds para definir el rumbo que debe tener M\u00e9xico en estos momentos.<\/p>\n<p>MU\u00d1OZ LEDO: LLEVAR A TRUMP ANTE LA ONU<\/p>\n<p>En ese mismo acto hicieron uso de la palabra varios personajes,\u00a0 interesados en este tema entre ellos Porfirio Mu\u00f1oz Ledo, quien afirm\u00f3 que es necesario llamar a los mejores juristas, en derecho internacional para llevar al presidente norteamericano, ante los tribunales internacionales entre ellos la ONU, as\u00ed como otros organismos internacionales que tienen que ver, con las violaciones que ha hecho hasta\u00a0 ahora el presidente Donald Trump.<\/p>\n<p>Porque tenemos la seguridad que las manifestaciones groseras y los insultos,\u00a0 solamente divierten al presidente Trump. Por cierto L\u00e1zaro\u00a0 C\u00e1rdenas Batel, es una verg\u00fcenza pues su padre se esfuerza por M\u00e9xico, mientras que sus hijos solamente se divierten, en este comentario debemos sustraer a Camila,\u00a0 en Morelia todos saben lo que hizo el Cuate, y en cuanto a L\u00e1zaro tambi\u00e9n nada de qu\u00e9 presumir.<\/p>\n<p>ANA BRASILIA ESPINO Y\u00a0 VICENTE ESTRADA<\/p>\n<p>Concluiremos estos comentarios con dos felicitaciones, primero las damas Ana Brasilia Espino fue elegida,\u00a0 secretaria general de la agrupaci\u00f3n Abogadas de Michoac\u00e1n, hace unos d\u00edas y result\u00f3 como presidente Josefina Ant\u00fanez, desde luego Ana Brasilia suma as\u00ed otro\u00a0 puesto de importancia, que honra su trayectoria tanto pol\u00edtica como administrativa.<\/p>\n<p>Mientras que el ingeniero Vicente Estrada el jueves de la semana pasada, tuvo oportunidad de recibir de la manos del que hoy ser\u00e1, investido candidato al gobierno de Nayarit, Manuel\u00a0 Cota Jim\u00e9nez su nombramiento como dirigente nacional de la UNECOF, puesto en que tendr\u00e1 oportunidad de seguir trabajando, por los hombres del campo con ejidos forestales.<\/p>\n<p>ROBERTO CARLOS EN EL CENTENARIO DE LA CONSTITUCION<\/p>\n<p>Ayer en el Congreso del Estado se realiz\u00f3 una sesi\u00f3n solemne, para recordar el centenario de la Constituci\u00f3n Mexicana, a la cual asistieron los representantes de los poderes, ejecutivo y judicial as\u00ed como autoridades municipales y militares, en la misma hicieron uso de la palabra representantes de las bancadas, de esta manera el diputado Roberto Carlos L\u00f3pez Garc\u00eda, abord\u00f3 la tribuna donde destac\u00f3 la importancia de nuestra Constituci\u00f3n, para definir el rumbo de M\u00e9xico.<\/p>\n<p>Destac\u00f3 su importancia social al mismo tiempo, afirm\u00f3 que el Congreso michoacano respaldaba, las acciones tanto del gobernador del estado Silvano Aureoles,\u00a0 en su defensa que haga\u00a0 de los derechos de los migrantes michoacanos, como al presidente de M\u00e9xico, Enrique Pe\u00f1a Nieto en sus pl\u00e1ticas y negociaciones, con el presidente del pa\u00eds del norte, enfatiz\u00f3 que no estaban solos los michoacanos est\u00e1n con ellos.<\/p>\n","protected":false},"excerpt":{"rendered":"<p>\u00bfSE CIERRA EL CENTRO O NO?<br \/>\nSEDATU Y EL INAH EN CONTRA<br \/>\nCUAHUTEMOC BIEN Y \u00bfLAZARO?<br \/>\nPRI DEBERA HACER MILAGROS<\/p>\n","protected":false},"author":1,"featured_media":0,"comment_status":"open","ping_status":"open","sticky":false,"template":"","format":"standard","meta":{"footnotes":""},"categories":[4,10],"tags":[],"class_list":["post-30981","post","type-post","status-publish","format-standard","hentry","category-columnistas","category-juan-manuel-belmonte"],"_links":{"self":[{"href":"https:\/\/radiowebmx.com\/nota\/wp-json\/wp\/v2\/posts\/30981","targetHints":{"allow":["GET"]}}],"collection":[{"href":"https:\/\/radiowebmx.com\/nota\/wp-json\/wp\/v2\/posts"}],"about":[{"href":"https:\/\/radiowebmx.com\/nota\/wp-json\/wp\/v2\/types\/post"}],"author":[{"embeddable":true,"href":"https:\/\/radiowebmx.com\/nota\/wp-json\/wp\/v2\/users\/1"}],"replies":[{"embeddable":true,"href":"https:\/\/radiowebmx.com\/nota\/wp-json\/wp\/v2\/comments?post=30981"}],"version-history":[{"count":1,"href":"https:\/\/radiowebmx.com\/nota\/wp-json\/wp\/v2\/posts\/30981\/revisions"}],"predecessor-version":[{"id":30982,"href":"https:\/\/radiowebmx.com\/nota\/wp-json\/wp\/v2\/posts\/30981\/revisions\/30982"}],"wp:attachment":[{"href":"https:\/\/radiowebmx.com\/nota\/wp-json\/wp\/v2\/media?parent=30981"}],"wp:term":[{"taxonomy":"category","embeddable":true,"href":"https:\/\/radiowebmx.com\/nota\/wp-json\/wp\/v2\/categories?post=30981"},{"taxonomy":"post_tag","embeddable":true,"href":"https:\/\/radiowebmx.com\/nota\/wp-json\/wp\/v2\/tags?post=30981"}],"curies":[{"name":"wp","href":"https:\/\/api.w.org\/{rel}","templated":true}]}}