{"id":3091,"date":"2013-07-03T12:29:23","date_gmt":"2013-07-03T17:29:23","guid":{"rendered":"https:\/\/radiowebmx.com\/nota\/?p=3091"},"modified":"2013-08-05T13:57:48","modified_gmt":"2013-08-05T18:57:48","slug":"se-encuentran-tres-adolescentes-lesionados-se-senalan-los-siguientes-hechos-y-avance-de-la-indagatoria","status":"publish","type":"post","link":"https:\/\/radiowebmx.com\/nota\/se-encuentran-tres-adolescentes-lesionados-se-senalan-los-siguientes-hechos-y-avance-de-la-indagatoria\/","title":{"rendered":"se encuentran tres adolescentes lesionados, se se\u00f1alan los siguientes hechos y avance de la indagatoria:"},"content":{"rendered":"<p>Sobre los hechos ocurridos el d\u00eda s\u00e1bado 29 de junio, en la avenida Camelinas de esta ciudad, en donde se encuentran tres adolescentes lesionados, se se\u00f1alan los siguientes hechos y avance de la indagatoria:<\/p>\n<p><b>01.-<\/b> El dicho colectivo recabado en el momento, se\u00f1al\u00f3 que los j\u00f3venes circulaban en una camioneta de reciente modelo a exceso de velocidad, impact\u00e1ndose contra la parte trasera de la unidad de transporte p\u00fablico; que al parecer el chofer del cami\u00f3n y los j\u00f3venes discutieron y momentos despu\u00e9s arribaron otros veh\u00edculos de los cuales descendieron de seis a siete\u00a0 personas del sexo masculino que agredieron a los j\u00f3venes de la unidad particular, para posteriormente darse al fuga, al igual que el chofer del cami\u00f3n involucrado se retir\u00f3 del lugar.<\/p>\n<p><b>02.<\/b>&#8211; El\u00a0 chofer del cami\u00f3n fue detenido en las inmediaciones de Wal Mart\u00a0 \u201cMil Cumbres\u201d, a bordo de otro cami\u00f3n diferente al del percance, despu\u00e9s de un lapso considerable posterior al hecho.<\/p>\n<p><b>03.-<\/b> Al detenido se le practicaron ex\u00e1menes de estado f\u00edsico y toxicol\u00f3gico, mismos que ya se integraron a la averiguaci\u00f3n.<\/p>\n<p><b>04.-<\/b> Legalmente y dado que la detenci\u00f3n del chofer no se realiz\u00f3 en flagrancia, no existe prueba contundente que lo vincule con el hecho delictivo, fue dejado en libertad bajo las reservas de ley, toda vez que si se le retuviera, el estado estar\u00eda cometiendo una detenci\u00f3n ilegal, afectando sus derechos humanos.<\/p>\n<p><b>05.-<\/b> Debido a su estado de salud, hasta el d\u00eda de hoy por la tarde, se tomaron las declaraciones a los lesionados, a quienes no se les realiz\u00f3 examen toxicol\u00f3gico por impedimento legal, ya que son menores de edad y sus padres no lo permitieron. Cabe mencionar que las declaraciones fueron hechas tiempo despu\u00e9s de haberse cumplido el t\u00e9rmino legal para que el detenido permaneciera a disposici\u00f3n del Ministerio P\u00fablico.<\/p>\n<p><b>06.- <\/b>Como parte de la integraci\u00f3n de la averiguaci\u00f3n previa, la Procuradur\u00eda General de Justicia del estado, est\u00e1 recabando los testimonios de las personas que presenciaron los hechos, adem\u00e1s de que se est\u00e1 apoyando en los videos de las c\u00e1maras de seguridad de la zona, a fin de identificar a los probables responsables.<\/p>\n","protected":false},"excerpt":{"rendered":"<p>Sobre los hechos ocurridos el d\u00eda s\u00e1bado 29 de junio, en la avenida Camelinas de esta ciudad, en donde se encuentran tres adolescentes lesionados, se se\u00f1alan los siguientes hechos y avance de la indagatoria:<\/p>\n","protected":false},"author":1,"featured_media":0,"comment_status":"open","ping_status":"open","sticky":false,"template":"","format":"standard","meta":{"footnotes":""},"categories":[3],"tags":[],"class_list":["post-3091","post","type-post","status-publish","format-standard","hentry","category-gobierno-del-estado-de-michoacan"],"_links":{"self":[{"href":"https:\/\/radiowebmx.com\/nota\/wp-json\/wp\/v2\/posts\/3091","targetHints":{"allow":["GET"]}}],"collection":[{"href":"https:\/\/radiowebmx.com\/nota\/wp-json\/wp\/v2\/posts"}],"about":[{"href":"https:\/\/radiowebmx.com\/nota\/wp-json\/wp\/v2\/types\/post"}],"author":[{"embeddable":true,"href":"https:\/\/radiowebmx.com\/nota\/wp-json\/wp\/v2\/users\/1"}],"replies":[{"embeddable":true,"href":"https:\/\/radiowebmx.com\/nota\/wp-json\/wp\/v2\/comments?post=3091"}],"version-history":[{"count":4,"href":"https:\/\/radiowebmx.com\/nota\/wp-json\/wp\/v2\/posts\/3091\/revisions"}],"predecessor-version":[{"id":3345,"href":"https:\/\/radiowebmx.com\/nota\/wp-json\/wp\/v2\/posts\/3091\/revisions\/3345"}],"wp:attachment":[{"href":"https:\/\/radiowebmx.com\/nota\/wp-json\/wp\/v2\/media?parent=3091"}],"wp:term":[{"taxonomy":"category","embeddable":true,"href":"https:\/\/radiowebmx.com\/nota\/wp-json\/wp\/v2\/categories?post=3091"},{"taxonomy":"post_tag","embeddable":true,"href":"https:\/\/radiowebmx.com\/nota\/wp-json\/wp\/v2\/tags?post=3091"}],"curies":[{"name":"wp","href":"https:\/\/api.w.org\/{rel}","templated":true}]}}