{"id":3089,"date":"2013-07-02T12:28:04","date_gmt":"2013-07-02T17:28:04","guid":{"rendered":"https:\/\/radiowebmx.com\/nota\/?p=3089"},"modified":"2013-07-02T12:28:04","modified_gmt":"2013-07-02T17:28:04","slug":"se-reune-jesus-reyna-con-secretario-de-hacienda-y-credito-publico","status":"publish","type":"post","link":"https:\/\/radiowebmx.com\/nota\/se-reune-jesus-reyna-con-secretario-de-hacienda-y-credito-publico\/","title":{"rendered":"SE RE\u00daNE JES\u00daS REYNA CON SECRETARIO DE HACIENDA Y CR\u00c9DITO P\u00daBLICO"},"content":{"rendered":"<p>El gobernador Jes\u00fas Reyna Garc\u00eda, sostuvo una reuni\u00f3n de trabajo con el secretario de Hacienda y Cr\u00e9dito P\u00fablico federal, Luis Videgaray Caso, con quien abord\u00f3 los temas financieros de la entidad y las acciones que en la materia se llevan a cabo, en el marco de la estrategia integral que gobiernos estatal y federal emprenden en el estado.<\/p>\n<p>El mandatario michoacano Jes\u00fas Reyna, dio a conocer a Luis Videgaray las estrategias que como parte del saneamiento de las finanzas estatales realiza la administraci\u00f3n que preside, incluidos los avances en la reestructuraci\u00f3n y refinanciamiento de la deuda p\u00fablica estatal.<\/p>\n<p>En este encuentro con Videgaray Caso estuvieron presentes el jefe de la oficina adjunta al despacho del gobernador, Guillermo Guzm\u00e1n Fuentes, y el secretario de Finanzas y Administraci\u00f3n de Michoac\u00e1n, Carlos R\u00edo Valencia.<\/p>\n<p>&nbsp;<\/p>\n<p>&nbsp;<\/p>\n","protected":false},"excerpt":{"rendered":"<p>El gobernador Jes\u00fas Reyna Garc\u00eda, sostuvo una reuni\u00f3n de trabajo con el secretario de Hacienda y Cr\u00e9dito P\u00fablico federal, Luis Videgaray Caso<\/p>\n","protected":false},"author":1,"featured_media":0,"comment_status":"open","ping_status":"open","sticky":false,"template":"","format":"standard","meta":{"footnotes":""},"categories":[3],"tags":[],"class_list":["post-3089","post","type-post","status-publish","format-standard","hentry","category-gobierno-del-estado-de-michoacan"],"_links":{"self":[{"href":"https:\/\/radiowebmx.com\/nota\/wp-json\/wp\/v2\/posts\/3089","targetHints":{"allow":["GET"]}}],"collection":[{"href":"https:\/\/radiowebmx.com\/nota\/wp-json\/wp\/v2\/posts"}],"about":[{"href":"https:\/\/radiowebmx.com\/nota\/wp-json\/wp\/v2\/types\/post"}],"author":[{"embeddable":true,"href":"https:\/\/radiowebmx.com\/nota\/wp-json\/wp\/v2\/users\/1"}],"replies":[{"embeddable":true,"href":"https:\/\/radiowebmx.com\/nota\/wp-json\/wp\/v2\/comments?post=3089"}],"version-history":[{"count":1,"href":"https:\/\/radiowebmx.com\/nota\/wp-json\/wp\/v2\/posts\/3089\/revisions"}],"predecessor-version":[{"id":3090,"href":"https:\/\/radiowebmx.com\/nota\/wp-json\/wp\/v2\/posts\/3089\/revisions\/3090"}],"wp:attachment":[{"href":"https:\/\/radiowebmx.com\/nota\/wp-json\/wp\/v2\/media?parent=3089"}],"wp:term":[{"taxonomy":"category","embeddable":true,"href":"https:\/\/radiowebmx.com\/nota\/wp-json\/wp\/v2\/categories?post=3089"},{"taxonomy":"post_tag","embeddable":true,"href":"https:\/\/radiowebmx.com\/nota\/wp-json\/wp\/v2\/tags?post=3089"}],"curies":[{"name":"wp","href":"https:\/\/api.w.org\/{rel}","templated":true}]}}