{"id":3087,"date":"2013-07-02T12:25:55","date_gmt":"2013-07-02T17:25:55","guid":{"rendered":"https:\/\/radiowebmx.com\/nota\/?p=3087"},"modified":"2013-07-02T12:25:55","modified_gmt":"2013-07-02T17:25:55","slug":"ramon-maya-morales-nuevo-delegado-de-diconsa-en-michoacan","status":"publish","type":"post","link":"https:\/\/radiowebmx.com\/nota\/ramon-maya-morales-nuevo-delegado-de-diconsa-en-michoacan\/","title":{"rendered":"RAM\u00d3N MAYA MORALES, NUEVO DELEGADO DE DICONSA EN MICHOAC\u00c1N"},"content":{"rendered":"<p>Ram\u00f3n Maya Morales, quien hasta hace unos d\u00edas se desempe\u00f1\u00f3 como titular de la secretar\u00eda particular del despacho del gobernador, asumi\u00f3 este lunes el cargo de delegado en Michoac\u00e1n de Diconsa.<\/p>\n<p>En el marco de la visita de trabajo a nuestra entidad de la secretaria de Desarrollo Social federal, Rosario Robles Berlanga en d\u00edas pasados, Ram\u00f3n Maya fue designado para desempe\u00f1ar este nuevo encargo que dijo, tiene como uno de los objetivos coadyuvar en la Cruzada Nacional contra el Hambre, al contribuir en garantizar el abasto social de productos de la canasta b\u00e1sica, a precios accesibles y al alcance de las familias en situaci\u00f3n de marginaci\u00f3n y pobreza.<\/p>\n<p>Al asumir la titularidad de Diconsa en la entidad, Maya Morales agradeci\u00f3 la confianza que en su momento le otorg\u00f3 el gobernador Fausto Vallejo Figueroa y que refrend\u00f3 el mandatario estatal Jes\u00fas Reyna Garc\u00eda, al frente de la secretar\u00eda particular, responsabilidad que manifest\u00f3, desempe\u00f1\u00f3 con la convicci\u00f3n de ofrecer un buen servicio a los michoacanos, atenci\u00f3n a que pretende dar continuidad ahora desde Diconsa, con un trabajo transparente y en total apego a la normatividad.<\/p>\n<p>&nbsp;<\/p>\n<p>&nbsp;<\/p>\n","protected":false},"excerpt":{"rendered":"<p>Ram\u00f3n Maya Morales, quien hasta hace unos d\u00edas se desempe\u00f1\u00f3 como titular de la secretar\u00eda particular del despacho del gobernador, asumi\u00f3 este lunes el cargo de delegado en Michoac\u00e1n de Diconsa.<\/p>\n","protected":false},"author":1,"featured_media":0,"comment_status":"open","ping_status":"open","sticky":false,"template":"","format":"standard","meta":{"footnotes":""},"categories":[14,3],"tags":[],"class_list":["post-3087","post","type-post","status-publish","format-standard","hentry","category-destacadas","category-gobierno-del-estado-de-michoacan"],"_links":{"self":[{"href":"https:\/\/radiowebmx.com\/nota\/wp-json\/wp\/v2\/posts\/3087","targetHints":{"allow":["GET"]}}],"collection":[{"href":"https:\/\/radiowebmx.com\/nota\/wp-json\/wp\/v2\/posts"}],"about":[{"href":"https:\/\/radiowebmx.com\/nota\/wp-json\/wp\/v2\/types\/post"}],"author":[{"embeddable":true,"href":"https:\/\/radiowebmx.com\/nota\/wp-json\/wp\/v2\/users\/1"}],"replies":[{"embeddable":true,"href":"https:\/\/radiowebmx.com\/nota\/wp-json\/wp\/v2\/comments?post=3087"}],"version-history":[{"count":1,"href":"https:\/\/radiowebmx.com\/nota\/wp-json\/wp\/v2\/posts\/3087\/revisions"}],"predecessor-version":[{"id":3088,"href":"https:\/\/radiowebmx.com\/nota\/wp-json\/wp\/v2\/posts\/3087\/revisions\/3088"}],"wp:attachment":[{"href":"https:\/\/radiowebmx.com\/nota\/wp-json\/wp\/v2\/media?parent=3087"}],"wp:term":[{"taxonomy":"category","embeddable":true,"href":"https:\/\/radiowebmx.com\/nota\/wp-json\/wp\/v2\/categories?post=3087"},{"taxonomy":"post_tag","embeddable":true,"href":"https:\/\/radiowebmx.com\/nota\/wp-json\/wp\/v2\/tags?post=3087"}],"curies":[{"name":"wp","href":"https:\/\/api.w.org\/{rel}","templated":true}]}}