{"id":30842,"date":"2017-02-04T10:38:20","date_gmt":"2017-02-04T16:38:20","guid":{"rendered":"https:\/\/radiowebmx.com\/nota\/?p=30842"},"modified":"2017-02-07T10:38:31","modified_gmt":"2017-02-07T16:38:31","slug":"compromete-gobernador-proyecto-integral-de-turismo-para-region-cienaga-de-chapala","status":"publish","type":"post","link":"https:\/\/radiowebmx.com\/nota\/compromete-gobernador-proyecto-integral-de-turismo-para-region-cienaga-de-chapala\/","title":{"rendered":"Compromete Gobernador proyecto integral de turismo para regi\u00f3n Ci\u00e9naga de Chapala"},"content":{"rendered":"<p><img loading=\"lazy\" decoding=\"async\" class=\"alignleft size-full wp-image-30844\" src=\"https:\/\/radiowebmx.com\/nota\/wp-content\/uploads\/2017\/02\/7e437575-8f3b-4cf6-92ef-e26e3ab98973.jpeg\" alt=\"7e437575-8f3b-4cf6-92ef-e26e3ab98973\" width=\"709\" height=\"472\" srcset=\"https:\/\/radiowebmx.com\/nota\/wp-content\/uploads\/2017\/02\/7e437575-8f3b-4cf6-92ef-e26e3ab98973.jpeg 709w, https:\/\/radiowebmx.com\/nota\/wp-content\/uploads\/2017\/02\/7e437575-8f3b-4cf6-92ef-e26e3ab98973-300x200.jpeg 300w\" sizes=\"auto, (max-width: 709px) 100vw, 709px\" \/><\/p>\n<p>&nbsp;<\/p>\n<p>&nbsp;<\/p>\n<p><img loading=\"lazy\" decoding=\"async\" class=\"alignleft size-full wp-image-30843\" src=\"https:\/\/radiowebmx.com\/nota\/wp-content\/uploads\/2017\/02\/ccdcb7cc-f7dd-4ec8-88c2-235dca3f0e0d.jpeg\" alt=\"ccdcb7cc-f7dd-4ec8-88c2-235dca3f0e0d\" width=\"709\" height=\"472\" srcset=\"https:\/\/radiowebmx.com\/nota\/wp-content\/uploads\/2017\/02\/ccdcb7cc-f7dd-4ec8-88c2-235dca3f0e0d.jpeg 709w, https:\/\/radiowebmx.com\/nota\/wp-content\/uploads\/2017\/02\/ccdcb7cc-f7dd-4ec8-88c2-235dca3f0e0d-300x200.jpeg 300w\" sizes=\"auto, (max-width: 709px) 100vw, 709px\" \/><\/p>\n<p>&nbsp;<\/p>\n<p>&nbsp;<\/p>\n<p>&nbsp;<\/p>\n<p><strong>San Jos\u00e9 de Gracia, mpio. de Marcos Castellanos, Michoac\u00e1n, a 3 de febrero de 2017.-<\/strong> Para potenciar la llamada industria sin chimeneas en esta zona y que \u00e9sta genere m\u00e1s empleos y mejores condiciones de vida para las familias, el Gobernador Constitucional Silvano Aureoles Conejo comprometi\u00f3 el construir junto con las autoridades municipales, un proyecto integral de desarrollo tur\u00edstico para la regi\u00f3n Ci\u00e9naga de Chapala, ello al inaugurar la novena edici\u00f3n de la Expo Orqu\u00eddea de San Jos\u00e9 de Gracia.<\/p>\n<p>Tras sostener una reuni\u00f3n de trabajo con el Grupo de Coordinaci\u00f3n Michoac\u00e1n y los alcaldes de esta demarcaci\u00f3n, Aureoles Conejo asegur\u00f3 que el punto de partida es cuidar la seguridad de las y los ciudadanos, de ah\u00ed que se trabaja intensa y coordinadamente en ese rubro, pero tambi\u00e9n, se hace \u00e9nfasis en generar oportunidades de desarrollo para la poblaci\u00f3n.<\/p>\n<p>De ah\u00ed que, tras la petici\u00f3n del mun\u00edcipe de Marcos Castellanos, Rolando Gonz\u00e1lez Ch\u00e1vez, de que se impulse la actividad tur\u00edstica, el mandatario michoacano comprometi\u00f3 que la pr\u00f3xima semana visitar\u00e1 este municipio la secretaria de Turismo estatal, Claudia Ch\u00e1vez L\u00f3pez, para en conjunto con los alcaldes de la regi\u00f3n, construir un proyecto en ese sentido.<\/p>\n<p>Y es que de acuerdo al edil, tan s\u00f3lo en la edici\u00f3n pasada de la Expo Orqu\u00eddea, visitaron esta localidad m\u00e1s de 3 mil personas provenientes de entidades como Jalisco, Morelos, Estado de M\u00e9xico, Colima, Nayarit, Puebla, Oaxaca, Guanajuato, Aguascalientes, incluso de los Estados Unidos y de China, adem\u00e1s de que es necesario relanzar como atractivo el fen\u00f3meno migratorio de los Pel\u00edcanos Borregones, que se asientan principalmente en el vecino municipio de Cojumatl\u00e1n.<\/p>\n<p>Tambi\u00e9n, ante diversas peticiones, el Gobernador Silvano Aureoles hizo el compromiso de concluir la modernizaci\u00f3n y ampliaci\u00f3n del Centro de Salud de la cabecera municipal, as\u00ed como el de la comunidad de El Sabino, y antes de que concluya febrero, equipar a los municipios faltantes -incluido Marcos Castellanos- con una nueva ambulancia.<\/p>\n<p>Con respecto a la planta de tratamiento de aguas residuales intermunicipal, refiri\u00f3 que revisar\u00e1 el proyecto para buscar que se materialice y en lo referente a la carretera que comunica a Jiquilpan, Marcos Castellanos y hasta el estado de Jalisco, debido a que es de jurisdicci\u00f3n federal, el titular del Ejecutivo estatal manifest\u00f3 que gestionar\u00e1 con funcionarios de la Secretar\u00eda de Comunicaciones y Transportes, que este circuito sea modernizado para mejorar la comunicaci\u00f3n y accesibilidad a esta zona.<\/p>\n<p>Finalmente, ante la preocupaci\u00f3n del edil de que se cancele la instalaci\u00f3n de un nodo de la Universidad Michoacana de San Nicol\u00e1s de Hidalgo por falta de recursos de la m\u00e1xima casa de estudios, Silvano Aureoles asever\u00f3 que personalmente revisar\u00e1 que dicho nodo se concrete, al tiempo que pidi\u00f3 que se levante el padr\u00f3n de escuelas que requieren dignificar su infraestructura, a fin de que se integren a los trabajos que realiza su administraci\u00f3n para su modernizaci\u00f3n, adicional a los tres jardines de ni\u00f1os que ya se favorecen con dicha acci\u00f3n.<\/p>\n<p>En el marco de la Expo Orqu\u00eddea 2017, el Gobernador entreg\u00f3 premios a los tres primeros lugares y un reconocimiento especial a los mejores productores de esta\u00a0 planta e hizo un recorrido por la exposici\u00f3n montada en la plaza principal de San Jos\u00e9 de Gracia, donde tambi\u00e9n tuvo oportunidad de degustar los exquisitos quesos y dulces de leche que se elaboran en esta regi\u00f3n.<\/p>\n<p>De acuerdo a Leocadio Toscano, presidente de la Asociaci\u00f3n Mexicana de Orquideolog\u00eda secci\u00f3n San Jos\u00e9 de Gracia, en 1981 se empezaron a cultivar orqu\u00eddeas en Marcos Castellanos y en esta edici\u00f3n son casi 400 plantas de 75 variedades las expuestas, pertenecientes a 39 productores.<\/p>\n<p>Aprovechando su visita a este municipio, Silvano Aureoles entreg\u00f3 a la presidenta del DIF Municipal, Karla B\u00e9jar Ch\u00e1vez, cunas del programa Un Comienzo DIFerente, adem\u00e1s de bastones, para apoyar a las embarazadas y adultos mayores en situaci\u00f3n de vulnerabilidad. Mientras que al alcalde Rolando Gonz\u00e1lez, le otorg\u00f3 equipo de c\u00f3mputo.<\/p>\n<p>El diputado federal por este distrito, Alfredo Anaya Orozco, manifest\u00f3 que trabajando en unidad, como se viene realizando en esta zona entre presidentes municipales, diputados, delegados y con el Gobernador, es como se logran superar adversidades; por lo que agradeci\u00f3 al mandatario Silvano Aureoles su disposici\u00f3n por el trabajo conjunto &#8220;y decirle que nos tiene como aliados por Michoac\u00e1n y sus municipios&#8221;.<\/p>\n<p>Estuvieron presentes en esta inauguraci\u00f3n, los enlaces estatal y federal de esta regi\u00f3n, Giulianna Bugarini Torres, directora del Instituto de la Juventud Michoacana y Ger\u00f3nimo Color Gasca, gerente estatal de Liconsa; el comandante de la 21 Zona Militar, general Jos\u00e9 Francisco Morales C\u00e1zares; el secretario de Educaci\u00f3n, Alberto Frutis Sol\u00eds; el procurador Jos\u00e9 Mart\u00edn Godoy Castro; la coordinadora de Atenci\u00f3n Ciudadana, Lucero Mart\u00ednez Trevi\u00f1o, adem\u00e1s de alcaldes de la zona, entre otros.<\/p>\n","protected":false},"excerpt":{"rendered":"<p>Para potenciar la llamada industria sin chimeneas en esta zona y que \u00e9sta genere m\u00e1s empleos y mejores condiciones de vida para las familias, el Gobernador Constitucional Silvano Aureoles Conejo comprometi\u00f3 el construir junto con las autoridades municipales, un proyecto integral de desarrollo tur\u00edstico para la regi\u00f3n Ci\u00e9naga de Chapala, ello al inaugurar la novena edici\u00f3n de la Expo Orqu\u00eddea de San Jos\u00e9 de Gracia.<\/p>\n","protected":false},"author":1,"featured_media":30843,"comment_status":"open","ping_status":"open","sticky":false,"template":"","format":"standard","meta":{"footnotes":""},"categories":[14,3],"tags":[],"class_list":["post-30842","post","type-post","status-publish","format-standard","has-post-thumbnail","hentry","category-destacadas","category-gobierno-del-estado-de-michoacan"],"_links":{"self":[{"href":"https:\/\/radiowebmx.com\/nota\/wp-json\/wp\/v2\/posts\/30842","targetHints":{"allow":["GET"]}}],"collection":[{"href":"https:\/\/radiowebmx.com\/nota\/wp-json\/wp\/v2\/posts"}],"about":[{"href":"https:\/\/radiowebmx.com\/nota\/wp-json\/wp\/v2\/types\/post"}],"author":[{"embeddable":true,"href":"https:\/\/radiowebmx.com\/nota\/wp-json\/wp\/v2\/users\/1"}],"replies":[{"embeddable":true,"href":"https:\/\/radiowebmx.com\/nota\/wp-json\/wp\/v2\/comments?post=30842"}],"version-history":[{"count":1,"href":"https:\/\/radiowebmx.com\/nota\/wp-json\/wp\/v2\/posts\/30842\/revisions"}],"predecessor-version":[{"id":30845,"href":"https:\/\/radiowebmx.com\/nota\/wp-json\/wp\/v2\/posts\/30842\/revisions\/30845"}],"wp:featuredmedia":[{"embeddable":true,"href":"https:\/\/radiowebmx.com\/nota\/wp-json\/wp\/v2\/media\/30843"}],"wp:attachment":[{"href":"https:\/\/radiowebmx.com\/nota\/wp-json\/wp\/v2\/media?parent=30842"}],"wp:term":[{"taxonomy":"category","embeddable":true,"href":"https:\/\/radiowebmx.com\/nota\/wp-json\/wp\/v2\/categories?post=30842"},{"taxonomy":"post_tag","embeddable":true,"href":"https:\/\/radiowebmx.com\/nota\/wp-json\/wp\/v2\/tags?post=30842"}],"curies":[{"name":"wp","href":"https:\/\/api.w.org\/{rel}","templated":true}]}}