{"id":30823,"date":"2017-02-03T12:00:30","date_gmt":"2017-02-03T18:00:30","guid":{"rendered":"https:\/\/radiowebmx.com\/nota\/?p=30823"},"modified":"2017-02-03T12:00:30","modified_gmt":"2017-02-03T18:00:30","slug":"llama-ayuntamiento-de-morelia-a-defender-la-soberania-del-pais","status":"publish","type":"post","link":"https:\/\/radiowebmx.com\/nota\/llama-ayuntamiento-de-morelia-a-defender-la-soberania-del-pais\/","title":{"rendered":"Llama Ayuntamiento de Morelia a defender la soberan\u00eda del pa\u00eds"},"content":{"rendered":"<p><img loading=\"lazy\" decoding=\"async\" class=\"alignleft size-full wp-image-30824\" src=\"https:\/\/radiowebmx.com\/nota\/wp-content\/uploads\/2017\/02\/c19fb2e9-9dd2-4b2a-a304-b655abe5ecb0-1.jpeg\" alt=\"c19fb2e9-9dd2-4b2a-a304-b655abe5ecb0\" width=\"709\" height=\"472\" srcset=\"https:\/\/radiowebmx.com\/nota\/wp-content\/uploads\/2017\/02\/c19fb2e9-9dd2-4b2a-a304-b655abe5ecb0-1.jpeg 709w, https:\/\/radiowebmx.com\/nota\/wp-content\/uploads\/2017\/02\/c19fb2e9-9dd2-4b2a-a304-b655abe5ecb0-1-300x200.jpeg 300w\" sizes=\"auto, (max-width: 709px) 100vw, 709px\" \/><\/p>\n<p>&nbsp;<\/p>\n<p>Con un llamado firme a la protecci\u00f3n de nuestros valores, a la soberan\u00eda nacional y la dignidad de nuestro pueblo, el Ayuntamiento de Morelia encabezado por Alfonso Mart\u00ednez Alc\u00e1zar, llev\u00f3 a cabo este viernes el acto conmemorativo al CCIII aniversario luctuoso de don Mariano Matamoros, pieza fundamental para que nuestra naci\u00f3n lograra su independencia.<\/p>\n<p>Con la presencia del Alcalde, Alfonso Mart\u00ednez Alc\u00e1zar; el Secretario de Educaci\u00f3n en el Estado, Alberto Frutis Solis y el Rector de la Universidad Michoacana de San Nicol\u00e1s de Hidalgo, Medardo Serna Gonz\u00e1lez, el Secretario del Ayuntamiento, Jes\u00fas \u00c1valos Plata, orador oficial del evento, expres\u00f3 que es responsabilidad de los gobernantes actuales proteger a la sociedad con ah\u00ednco, trabajando por sus intereses y necesidades.<\/p>\n<p>\u201cAs\u00ed generaremos condiciones y oportunidades para su pleno desarrollo de modo que se cumpla gradualmente el sue\u00f1o de aquellos que dieron su vida por un mejor pa\u00eds\u201d, subray\u00f3.<\/p>\n<p>En concordancia con los valores y la mentalidad que caracterizaban al estratega militar y destacado patriota, Mariano Matamoros, quien tendr\u00eda una participaci\u00f3n decisiva en el Sitio de Cuautla el 21 de abril de 1812 al mando de 43 insurgentes, \u00c1valos Plata dijo que los mexicanos requerimos de la defensa de nuestra dignidad y la de nuestro pueblo, sin dudar un segundo en hacer frente a las amenazas a nuestra naci\u00f3n.<\/p>\n<p>Subray\u00f3 que la capital michoacana vive momentos de transformaci\u00f3n, raz\u00f3n por la cual el Gobierno Independiente que encabeza Alfonso Mart\u00ednez, realiza a diario el esfuerzo a trav\u00e9s del trabajo para conseguir establecer la ciudad que todos los morelianos queremos.<\/p>\n<p>Para finalizar el acto, las autoridades presentes colocaron una ofrenda floral en el busto en honor a Mariano Matamoros, ubicado en la Plaza H\u00e9roes de la Independencia.<\/p>\n<p>Cabe destacar que previamente, el Alcalde, Alfonso Mart\u00ednez Alc\u00e1zar, acompa\u00f1ada de su hom\u00f3loga de Turicato, Gisela V\u00e1zquez Alan\u00eds y funcionarios municipales, encabezaron el izamiento del L\u00e1baro Patrio en la Plaza Jard\u00edn Morelos.<\/p>\n","protected":false},"excerpt":{"rendered":"<p>Con un llamado firme a la protecci\u00f3n de nuestros valores, a la soberan\u00eda nacional y la dignidad de nuestro pueblo, el Ayuntamiento de Morelia encabezado por Alfonso Mart\u00ednez Alc\u00e1zar, llev\u00f3 a cabo este viernes el acto conmemorativo al CCIII aniversario luctuoso de don Mariano Matamoros, pieza fundamental para que nuestra naci\u00f3n lograra su independencia.<\/p>\n","protected":false},"author":1,"featured_media":30824,"comment_status":"open","ping_status":"open","sticky":false,"template":"","format":"standard","meta":{"footnotes":""},"categories":[14,9],"tags":[],"class_list":["post-30823","post","type-post","status-publish","format-standard","has-post-thumbnail","hentry","category-destacadas","category-morelia"],"_links":{"self":[{"href":"https:\/\/radiowebmx.com\/nota\/wp-json\/wp\/v2\/posts\/30823","targetHints":{"allow":["GET"]}}],"collection":[{"href":"https:\/\/radiowebmx.com\/nota\/wp-json\/wp\/v2\/posts"}],"about":[{"href":"https:\/\/radiowebmx.com\/nota\/wp-json\/wp\/v2\/types\/post"}],"author":[{"embeddable":true,"href":"https:\/\/radiowebmx.com\/nota\/wp-json\/wp\/v2\/users\/1"}],"replies":[{"embeddable":true,"href":"https:\/\/radiowebmx.com\/nota\/wp-json\/wp\/v2\/comments?post=30823"}],"version-history":[{"count":1,"href":"https:\/\/radiowebmx.com\/nota\/wp-json\/wp\/v2\/posts\/30823\/revisions"}],"predecessor-version":[{"id":30825,"href":"https:\/\/radiowebmx.com\/nota\/wp-json\/wp\/v2\/posts\/30823\/revisions\/30825"}],"wp:featuredmedia":[{"embeddable":true,"href":"https:\/\/radiowebmx.com\/nota\/wp-json\/wp\/v2\/media\/30824"}],"wp:attachment":[{"href":"https:\/\/radiowebmx.com\/nota\/wp-json\/wp\/v2\/media?parent=30823"}],"wp:term":[{"taxonomy":"category","embeddable":true,"href":"https:\/\/radiowebmx.com\/nota\/wp-json\/wp\/v2\/categories?post=30823"},{"taxonomy":"post_tag","embeddable":true,"href":"https:\/\/radiowebmx.com\/nota\/wp-json\/wp\/v2\/tags?post=30823"}],"curies":[{"name":"wp","href":"https:\/\/api.w.org\/{rel}","templated":true}]}}