{"id":30820,"date":"2017-02-03T11:56:34","date_gmt":"2017-02-03T17:56:34","guid":{"rendered":"https:\/\/radiowebmx.com\/nota\/?p=30820"},"modified":"2017-02-03T11:56:34","modified_gmt":"2017-02-03T17:56:34","slug":"llama-roberto-maldonado-a-fortalecer-el-mercado-interno-en-michoacan","status":"publish","type":"post","link":"https:\/\/radiowebmx.com\/nota\/llama-roberto-maldonado-a-fortalecer-el-mercado-interno-en-michoacan\/","title":{"rendered":"Llama Roberto Maldonado a fortalecer el mercado interno en Michoac\u00e1n"},"content":{"rendered":"<p class=\"x_MsoNormal\"><img loading=\"lazy\" decoding=\"async\" class=\"alignleft size-full wp-image-30821\" src=\"https:\/\/radiowebmx.com\/nota\/wp-content\/uploads\/2017\/02\/thumbnail_131-01.jpg\" alt=\"thumbnail_131-01\" width=\"709\" height=\"1064\" srcset=\"https:\/\/radiowebmx.com\/nota\/wp-content\/uploads\/2017\/02\/thumbnail_131-01.jpg 709w, https:\/\/radiowebmx.com\/nota\/wp-content\/uploads\/2017\/02\/thumbnail_131-01-200x300.jpg 200w, https:\/\/radiowebmx.com\/nota\/wp-content\/uploads\/2017\/02\/thumbnail_131-01-682x1024.jpg 682w\" sizes=\"auto, (max-width: 709px) 100vw, 709px\" \/><\/p>\n<p class=\"x_MsoNormal\">\n<p class=\"x_MsoNormal\"><b><span lang=\"ES\">Morelia, Mich., a 03 de febrero de 2017<\/span><\/b><span lang=\"ES\">.- Ante el escenario internacional y la dif\u00edcil situaci\u00f3n econ\u00f3mica que se vive en el pa\u00eds y el estado, el diputado del PRI, Roberto Maldonado Hinojosa, hizo un\u00a0 llamado respetuoso a las autoridades tanto federales como estatales, para efectuar acciones eficaces encaminadas a fortalecer el mercado interno, las peque\u00f1as y medianas empresas; y la agroindustria.<\/span><\/p>\n<p class=\"x_MsoNormal\"><span lang=\"ES\">\u00a0<\/span><\/p>\n<p class=\"x_MsoNormal\"><span lang=\"ES\">El diputado del PRI por el Distrito de Los Reyes, subray\u00f3 que Michoac\u00e1n es un estado que se ha caracterizado en las \u00faltimas d\u00e9cadas por un aumento importante en su actividad econ\u00f3mica, espec\u00edficamente en el campo,\u00a0 por lo que es fundamental encaminar los esfuerzos en la consolidaci\u00f3n de la agroindustria en la entidad, que permita dar valor agregado a los productos michoacanos.<\/span><\/p>\n<p class=\"x_MsoNormal\"><span lang=\"ES\">\u00a0<\/span><\/p>\n<p class=\"x_MsoNormal\"><span lang=\"ES\">El legislador tricolor asimismo destac\u00f3 que de acuerdo con datos del Servicio de Informaci\u00f3n Agroalimentaria y Pesquera, SIAP,\u00a0 Michoac\u00e1n ha logrado establecerse como unos de los principales estados productores de alimentos de frutas y hortalizas, ubic\u00e1ndose\u00a0 en el primer lugar del valor de la producci\u00f3n, cuenta con siete municipios que generan m\u00e1s valor agr\u00edcola en todo el pa\u00eds.<\/span><\/p>\n<p class=\"x_MsoNormal\"><span lang=\"ES\">\u00a0<\/span><\/p>\n<p class=\"x_MsoNormal\"><span lang=\"ES\">Tanc\u00edtaro, Perib\u00e1n, Los Reyes, Tac\u00e1mbaro, Salvador Escalante, Ario de Rosales y Uruapan, dijo el diputado son los municipios que de acuerdo con datos estad\u00edsticos han logrado consolidarse en este rubro, sin embargo, un importante porcentaje de los productos agr\u00edcolas que se generan, entre los que se encuentran aguacate y zarzamora se exportan a Estados Unidos, por lo que ante la pretensi\u00f3n del vecino pa\u00eds del norte de imponer medidas y renegociar el Tratado Libre Comercio,\u00a0 se debe explorar otros mercados y consolidar el interno.<\/span><\/p>\n<p class=\"x_MsoNormal\"><span lang=\"ES\">\u00a0<\/span><\/p>\n<p class=\"x_MsoNormal\"><span lang=\"ES\">Maldonado Hinojosa subray\u00f3 que el fortalecimiento del mercado interno, debe ser de la mano con la globalizacion, la cual no puede estar al margen, esto implica\u00a0 ser mas competitivos para ser sustentables a nivel internacional, y colocarse no solo en los mercados externos; sino que tambi\u00e9n los productos destinados al mercado interno cumplan con est\u00e1ndares de calidad.<\/span><\/p>\n<p class=\"x_MsoNormal\"><span lang=\"ES\">\u00a0<\/span><\/p>\n<p class=\"x_MsoNormal\"><span lang=\"ES\">El diputado del PRI enfatiz\u00f3 que el Acuerdo para el Fortalecimiento Econ\u00f3mico y la Protecci\u00f3n de la Econom\u00eda Familiar, puesto en marcha por el presidente de la Rep\u00fablica, Enrique Pe\u00f1a Nieto y el Programa de Eficiencia en el Gasto P\u00fablico y Fortalecimiento a la Econom\u00eda Familiar presentado por en gobernador del estado, Silvano Aureoles que tienen entre sus objetivos el fortalecimiento del mercado interno, no ser\u00e1n suficientes, sino se acompa\u00f1an de pol\u00edticas transversales eficaces encaminadas a fomentar la creaci\u00f3n de nuevas empresas, apoyar a los emprendedores y detonar la actividad agr\u00edcola en otros municipios del estado, as\u00ed como dar valor agregado a los productos.<\/span><\/p>\n","protected":false},"excerpt":{"rendered":"<p>Ante el escenario internacional y la dif\u00edcil situaci\u00f3n econ\u00f3mica que se vive en el pa\u00eds y el estado, el diputado del PRI, Roberto Maldonado Hinojosa, hizo un  llamado respetuoso a las autoridades tanto federales como estatales, para efectuar acciones eficaces encaminadas a fortalecer el mercado interno, las peque\u00f1as y medianas empresas; y la agroindustria.<\/p>\n","protected":false},"author":1,"featured_media":30821,"comment_status":"open","ping_status":"open","sticky":false,"template":"","format":"standard","meta":{"footnotes":""},"categories":[6,14,7],"tags":[],"class_list":["post-30820","post","type-post","status-publish","format-standard","has-post-thumbnail","hentry","category-congreso-del-estado","category-destacadas","category-grupo-parlamentario-del-pri"],"_links":{"self":[{"href":"https:\/\/radiowebmx.com\/nota\/wp-json\/wp\/v2\/posts\/30820","targetHints":{"allow":["GET"]}}],"collection":[{"href":"https:\/\/radiowebmx.com\/nota\/wp-json\/wp\/v2\/posts"}],"about":[{"href":"https:\/\/radiowebmx.com\/nota\/wp-json\/wp\/v2\/types\/post"}],"author":[{"embeddable":true,"href":"https:\/\/radiowebmx.com\/nota\/wp-json\/wp\/v2\/users\/1"}],"replies":[{"embeddable":true,"href":"https:\/\/radiowebmx.com\/nota\/wp-json\/wp\/v2\/comments?post=30820"}],"version-history":[{"count":1,"href":"https:\/\/radiowebmx.com\/nota\/wp-json\/wp\/v2\/posts\/30820\/revisions"}],"predecessor-version":[{"id":30822,"href":"https:\/\/radiowebmx.com\/nota\/wp-json\/wp\/v2\/posts\/30820\/revisions\/30822"}],"wp:featuredmedia":[{"embeddable":true,"href":"https:\/\/radiowebmx.com\/nota\/wp-json\/wp\/v2\/media\/30821"}],"wp:attachment":[{"href":"https:\/\/radiowebmx.com\/nota\/wp-json\/wp\/v2\/media?parent=30820"}],"wp:term":[{"taxonomy":"category","embeddable":true,"href":"https:\/\/radiowebmx.com\/nota\/wp-json\/wp\/v2\/categories?post=30820"},{"taxonomy":"post_tag","embeddable":true,"href":"https:\/\/radiowebmx.com\/nota\/wp-json\/wp\/v2\/tags?post=30820"}],"curies":[{"name":"wp","href":"https:\/\/api.w.org\/{rel}","templated":true}]}}