{"id":30801,"date":"2017-02-03T10:37:17","date_gmt":"2017-02-03T16:37:17","guid":{"rendered":"https:\/\/radiowebmx.com\/nota\/?p=30801"},"modified":"2017-02-03T10:37:17","modified_gmt":"2017-02-03T16:37:17","slug":"refrendan-sedetum-y-agencia-espanola-colaboracion-en-beneficio-de-michoacan","status":"publish","type":"post","link":"https:\/\/radiowebmx.com\/nota\/refrendan-sedetum-y-agencia-espanola-colaboracion-en-beneficio-de-michoacan\/","title":{"rendered":"Refrendan Sedetum y Agencia Espa\u00f1ola colaboraci\u00f3n en beneficio de Michoac\u00e1n"},"content":{"rendered":"<p><img loading=\"lazy\" decoding=\"async\" class=\"alignleft size-full wp-image-30802\" src=\"https:\/\/radiowebmx.com\/nota\/wp-content\/uploads\/2017\/02\/34b50ff7-d3f8-4cf8-a7cd-54e8013c88be.jpg\" alt=\"34b50ff7-d3f8-4cf8-a7cd-54e8013c88be\" width=\"709\" height=\"510\" srcset=\"https:\/\/radiowebmx.com\/nota\/wp-content\/uploads\/2017\/02\/34b50ff7-d3f8-4cf8-a7cd-54e8013c88be.jpg 709w, https:\/\/radiowebmx.com\/nota\/wp-content\/uploads\/2017\/02\/34b50ff7-d3f8-4cf8-a7cd-54e8013c88be-300x216.jpg 300w\" sizes=\"auto, (max-width: 709px) 100vw, 709px\" \/><\/p>\n<p>&nbsp;<\/p>\n<p><strong>Ciudad de M\u00e9xico, a 2 de febrero de 2017.-<\/strong> La Secretar\u00eda de Desarrollo Territorial, Urbano y Movilidad (Sedetum), la Agencia Espa\u00f1ola de Cooperaci\u00f3n Internacional para el Desarrollo (AECID) y la Agencia Mexicana de Cooperaci\u00f3n Internacional para el Desarrollo (AMEXCID), refrendan su decisi\u00f3n de continuar fortaleciendo la colaboraci\u00f3n para implementar en Michoac\u00e1n, el Programa de Rehabilitaci\u00f3n de Vivienda Tradicional en la Ruta Don Vasco, que prev\u00e9 un aumento en la bolsa de recursos para el presente a\u00f1o.<\/p>\n<p>El titular de la dependencia estatal, Sergio Adem Argueta, asisti\u00f3 a la CXCIII reuni\u00f3n extraordinaria del Comit\u00e9 T\u00e9cnico del Fideicomiso Mixto de Cooperaci\u00f3n T\u00e9cnica y Cient\u00edfica M\u00e9xico-Espa\u00f1a, en la que tambi\u00e9n participaron representantes de la AECID y la AMEXCID.<\/p>\n<p>En este marco, la Sedetum y dichas instancias internacionales cerraron la fase I del Programa de Rehabilitaci\u00f3n de Vivienda Tradicional en la Ruta Don Vasco, en la que se invirtieron alrededor de 5 millones 200 mil pesos beneficiando a 62 familias de los municipios de Tzintzuntzan y P\u00e1tzcuaro.<\/p>\n<p>El monto destinado fue resultado de una mezcla de recursos entre la AECID, la AMEXCID, el Gobierno del Estado a trav\u00e9s de la Sedetum, as\u00ed como la Consejer\u00eda de Fomento y Vivienda de la Junta de Andaluc\u00eda, y el Instituto Tecnol\u00f3gico y de Estudios Superiores de Monterrey (ITESM) campus Morelia, que particip\u00f3 en la elaboraci\u00f3n de proyectos.<\/p>\n<p>Al respecto, el secretario Sergio Adem, resalt\u00f3 la estrecha coordinaci\u00f3n que se ha logrado con estos organismos para dar continuidad a dicho programa, mediante el cual, se preserva la arquitectura tradicional, respetando la autenticidad de las viviendas y los materiales caracter\u00edsticos como el adobe, la teja y la madera; y al mismo tiempo se fortalece el turismo y se genera autoempleo para las comunidades.<\/p>\n<p>El funcionario plante\u00f3 a la AMEXCID y AECID, el proyecto de la segunda fase de esta acci\u00f3n, en la que se involucrar\u00e1 a un mayor n\u00famero de instituciones tanto acad\u00e9micas como internacionales para lograr una bolsa de recursos que supere la del 2016 y que beneficie a m\u00e1s familias de la entidad.<\/p>\n<p>Adem Argueta afirm\u00f3 que es inter\u00e9s del Gobernador Silvano Aureoles Conejo, el fortalecer la relaci\u00f3n con estos y otros organismos para sumar esfuerzos en favor de Michoac\u00e1n.<\/p>\n<p>De igual forma, agradeci\u00f3 a la AECID y a la AMEXCID, el gran apoyo recibido para la primera fase y para dar seguimiento a la segunda. &#8220;Desde la Sedetum\u00a0tengan la seguridad que estaremos poniendo todo el esfuerzo para obtener los mejores resultados, siempre en beneficio de la gente&#8221;.<\/p>\n<p>En su turno, Cristina Ruiz Ruiz,\u00a0 directora General Adjunta de Cooperaci\u00f3n T\u00e9cnica y Cient\u00edfica con Europa, Asia y Am\u00e9rica del Norte de la AMEXCID, reconoci\u00f3 el trabajo desarrollado por la Secretar\u00eda, y felicit\u00f3 la iniciativa de proporcionar los instrumentos para ir superando las fases\u00a0y beneficiar a m\u00e1s comunidades. &#8220;Desde la AMEXCID manifestamos la plena disposici\u00f3n de seguir apoyando en el proyecto&#8221;, dijo.<\/p>\n<p>La responsable de Proyectos en la AECID, Mar\u00eda Castro, celebr\u00f3 el firme compromiso de Michoac\u00e1n para continuar con el programa y para fortalecerlo, al se\u00f1alar que para la Agencia Espa\u00f1ola es esencial que la segunda fase supere a la primera, tal y como lo ha manifestado Sergio Adem.<\/p>\n<p>De igual forma, Jorge Arana Flores,\u00a0subsecretario Ejecutivo del Fondo Mixto de la AMEXCID y Oscar Javier Huerta C\u00e1rcamo, subdirector Jur\u00eddico Fiduciario de Banj\u00e9rcito, felicitaron el trabajo realizado por parte del Gobierno de Michoac\u00e1n a trav\u00e9s de la Sedetum en el programa de Rehabilitaci\u00f3n de Vivienda de la Ruta Don Vasco.<\/p>\n<p>Durante la reuni\u00f3n tambi\u00e9n estuvo presente, Syulan Wong P\u00e9rez, jefa de departamento de Cooperaci\u00f3n para Alemania y Espa\u00f1a de la AMEXCID; Jos\u00e9 Navarro, responsable de Programas de la AECID; C\u00e9sar S\u00e1nchez Mej\u00eda, consultor general en la\u00a0AMEXCID; Jos\u00e9 Ignacio Mendoza Porthela, jefe Legal Fiduciario de Banj\u00e9rcito; el director de Desarrollo Metropolitano de la Sedetum, Luis Mendoza Valencia, y Alejandra V\u00e1zquez J\u00e1uregui, jefa de departamento de Proyectos Metropolitanos de la dependencia.<\/p>\n","protected":false},"excerpt":{"rendered":"<p> La Secretar\u00eda de Desarrollo Territorial, Urbano y Movilidad (Sedetum), la Agencia Espa\u00f1ola de Cooperaci\u00f3n Internacional para el Desarrollo (AECID) y la Agencia Mexicana de Cooperaci\u00f3n Internacional para el Desarrollo (AMEXCID), refrendan su decisi\u00f3n de continuar fortaleciendo la colaboraci\u00f3n para implementar en Michoac\u00e1n<\/p>\n","protected":false},"author":1,"featured_media":30802,"comment_status":"open","ping_status":"open","sticky":false,"template":"","format":"standard","meta":{"footnotes":""},"categories":[14,3],"tags":[],"class_list":["post-30801","post","type-post","status-publish","format-standard","has-post-thumbnail","hentry","category-destacadas","category-gobierno-del-estado-de-michoacan"],"_links":{"self":[{"href":"https:\/\/radiowebmx.com\/nota\/wp-json\/wp\/v2\/posts\/30801","targetHints":{"allow":["GET"]}}],"collection":[{"href":"https:\/\/radiowebmx.com\/nota\/wp-json\/wp\/v2\/posts"}],"about":[{"href":"https:\/\/radiowebmx.com\/nota\/wp-json\/wp\/v2\/types\/post"}],"author":[{"embeddable":true,"href":"https:\/\/radiowebmx.com\/nota\/wp-json\/wp\/v2\/users\/1"}],"replies":[{"embeddable":true,"href":"https:\/\/radiowebmx.com\/nota\/wp-json\/wp\/v2\/comments?post=30801"}],"version-history":[{"count":1,"href":"https:\/\/radiowebmx.com\/nota\/wp-json\/wp\/v2\/posts\/30801\/revisions"}],"predecessor-version":[{"id":30803,"href":"https:\/\/radiowebmx.com\/nota\/wp-json\/wp\/v2\/posts\/30801\/revisions\/30803"}],"wp:featuredmedia":[{"embeddable":true,"href":"https:\/\/radiowebmx.com\/nota\/wp-json\/wp\/v2\/media\/30802"}],"wp:attachment":[{"href":"https:\/\/radiowebmx.com\/nota\/wp-json\/wp\/v2\/media?parent=30801"}],"wp:term":[{"taxonomy":"category","embeddable":true,"href":"https:\/\/radiowebmx.com\/nota\/wp-json\/wp\/v2\/categories?post=30801"},{"taxonomy":"post_tag","embeddable":true,"href":"https:\/\/radiowebmx.com\/nota\/wp-json\/wp\/v2\/tags?post=30801"}],"curies":[{"name":"wp","href":"https:\/\/api.w.org\/{rel}","templated":true}]}}