{"id":30798,"date":"2017-02-03T10:32:15","date_gmt":"2017-02-03T16:32:15","guid":{"rendered":"https:\/\/radiowebmx.com\/nota\/?p=30798"},"modified":"2017-02-03T10:32:15","modified_gmt":"2017-02-03T16:32:15","slug":"asiste-silvano-aureoles-a-clausura-de-33-asamblea-del-consejo-nacional-agropecuario","status":"publish","type":"post","link":"https:\/\/radiowebmx.com\/nota\/asiste-silvano-aureoles-a-clausura-de-33-asamblea-del-consejo-nacional-agropecuario\/","title":{"rendered":"Asiste Silvano Aureoles a Clausura de 33 Asamblea del Consejo Nacional Agropecuario"},"content":{"rendered":"<p><img loading=\"lazy\" decoding=\"async\" class=\"alignleft size-full wp-image-30799\" src=\"https:\/\/radiowebmx.com\/nota\/wp-content\/uploads\/2017\/02\/1d1dabf5-52b2-41a2-bd98-6a3ec232b2ed.jpeg\" alt=\"1d1dabf5-52b2-41a2-bd98-6a3ec232b2ed\" width=\"1280\" height=\"853\" srcset=\"https:\/\/radiowebmx.com\/nota\/wp-content\/uploads\/2017\/02\/1d1dabf5-52b2-41a2-bd98-6a3ec232b2ed.jpeg 1280w, https:\/\/radiowebmx.com\/nota\/wp-content\/uploads\/2017\/02\/1d1dabf5-52b2-41a2-bd98-6a3ec232b2ed-300x200.jpeg 300w, https:\/\/radiowebmx.com\/nota\/wp-content\/uploads\/2017\/02\/1d1dabf5-52b2-41a2-bd98-6a3ec232b2ed-768x512.jpeg 768w, https:\/\/radiowebmx.com\/nota\/wp-content\/uploads\/2017\/02\/1d1dabf5-52b2-41a2-bd98-6a3ec232b2ed-1024x682.jpeg 1024w\" sizes=\"auto, (max-width: 1280px) 100vw, 1280px\" \/><\/p>\n<p>&nbsp;<\/p>\n<p><strong>Ciudad de M\u00e9xico, a 2 de febrero de 2017.- <\/strong>El Gobernador Constitucional Silvano Aureoles Conejo, asisti\u00f3 este jueves a la 33 Asamblea General Ordinaria del Consejo Nacional Agropecuario, donde nombraron como nuevo presidente de la CNA a Bosco de la Vega Valladolid, en sustituci\u00f3n de Benjam\u00edn Grayeb Ruiz, en evento encabezado por el Presidente de la Rep\u00fablica, Enrique Pe\u00f1a Nieto.<\/p>\n<p>&nbsp;<\/p>\n<p>En este marco, el jefe del Poder Ejecutivo en la entidad, reconoci\u00f3 la importante labor que desempe\u00f1\u00f3 el michoacano Grayeb Ruiz durante los cuatro a\u00f1os que estuvo al frente de la CNA, ya que gracias al trabajo coordinado entre la Federaci\u00f3n, el Estado y dicho sector productivo, Michoac\u00e1n se posicion\u00f3 como l\u00edder nacional en el valor de la producci\u00f3n agr\u00edcola.<\/p>\n<p>&nbsp;<\/p>\n<p>Mientras que el presidente saliente del Consejo Nacional Agropecuario, aprovech\u00f3 la presencia del mandatario estatal para agradecerle el apoyo total que recibi\u00f3 del Gobierno desde su llegada para trabajar por el fortalecimiento del campo en Michoac\u00e1n.<\/p>\n<p>&nbsp;<\/p>\n<p>Grayeb Ruiz asegur\u00f3 que durante los \u00faltimos a\u00f1os, el sector agroalimentario ha logrado un repunte significativo al posicionarse cada vez m\u00e1s en los mercados mundiales, al recordar que el Producto Interno Bruto en la actividad primaria, al cuarto trimestre del 2016 present\u00f3 un incremento del 6.4 por ciento, pr\u00e1cticamente el triple de lo que crece la econom\u00eda en el pa\u00eds.<\/p>\n<p>&nbsp;<\/p>\n<p>Mientras que los empleos permanentes y de trabajadores eventuales en el campo crecieron a tasas de 7.3 y 9.3 por ciento respectivamente, al registrar un aumento en la producci\u00f3n de los principales granos y de productos c\u00e1rnicos, as\u00ed como un excelente crecimiento en la producci\u00f3n agroindustrial, ya que las exportaciones agroalimentarias superan los 28 mil millones de d\u00f3lares, lo cual implica un r\u00e9cord hist\u00f3rico con crecimiento de 2 d\u00edgitos, superando durante 2015 las divisas generadas por el turismo, la venta del petr\u00f3leo y las remesas en el pa\u00eds.<\/p>\n<p>&nbsp;<\/p>\n<p>Por su parte, el presidente entrante de la CNA, Bosco de la Vega se comprometi\u00f3 a continuar con los trabajos de reposicionamiento del sector agropecuario, fortaleciendo el trabajo coordinado con la Federaci\u00f3n y los Estados, para generar certeza y mejores condiciones en el empleo rural y potencializar la producci\u00f3n con la introducci\u00f3n de nuevos procedimientos y tecnolog\u00eda de punta, promoviendo as\u00ed la diversificaci\u00f3n de mercados.<\/p>\n<p>&nbsp;<\/p>\n<p>El Presidente de M\u00e9xico, Enrique Pe\u00f1a Nieto, destac\u00f3 la riqueza y la diversidad de la producci\u00f3n agr\u00edcola del pa\u00eds, por lo que reconoci\u00f3 el importante trabajo que a diario desempe\u00f1an los productores, al asegurar que los productos mexicanos son cada vez m\u00e1s valorados en el mundo.<\/p>\n<p>&nbsp;<\/p>\n<p>Durante esta ceremonia, se entregaron galardones del Premio Nacional Agroalimentario 2016 en la categor\u00eda Agroindustrial peque\u00f1a, al \u201cAgro Parque La Esperanza\u201d y recibi\u00f3 la presea su\u00a0 presidente Francisco Jos\u00e9 \u00c1lvarez Lazo; en la categor\u00eda Red de valor nacional grande, al Centro de Investigaci\u00f3n Regional Pac\u00edfico Centro del Instituto Nacional de Investigaciones Forestales, Agr\u00edcolas y Pecuarias, y recibi\u00f3 la presea su director general Luis Fernando Flores;\u00a0 en la categor\u00eda Agroindustrial grande, el ganador fue \u201cPescados Industrializados S.A de C.V\u201d, y recibi\u00f3 la presea de manos del Presidente Enrique Pe\u00f1a Nieto, Jos\u00e9 Carranza Beltr\u00e1n, presidente del Consejo de Administraci\u00f3n y tambi\u00e9n dentro de esta categor\u00eda recibi\u00f3 se premi\u00f3 a \u201cMar Industrias S.A de C.V\u201d y Antonio Ram\u00f3n Su\u00e1rez Guti\u00e9rrez, presidente del Consejo de Administraci\u00f3n fue el encargado de recibir la presea; mientras que en la categor\u00eda Empresa Primaria grande, el Comit\u00e9 Comercial Alpro, result\u00f3 ganador y Jorge Horacio Mazo Rubio, presidente del Consejo de Administraci\u00f3n, recibi\u00f3 el reconocimiento.<\/p>\n","protected":false},"excerpt":{"rendered":"<p>El Gobernador Constitucional Silvano Aureoles Conejo, asisti\u00f3 este jueves a la 33 Asamblea General Ordinaria del Consejo Nacional Agropecuario, donde nombraron como nuevo presidente de la CNA a Bosco de la Vega Valladolid, en sustituci\u00f3n de Benjam\u00edn Grayeb Ruiz, en evento encabezado por el Presidente de la Rep\u00fablica, Enrique Pe\u00f1a Nieto.<\/p>\n","protected":false},"author":1,"featured_media":30799,"comment_status":"open","ping_status":"open","sticky":false,"template":"","format":"standard","meta":{"footnotes":""},"categories":[14,3],"tags":[],"class_list":["post-30798","post","type-post","status-publish","format-standard","has-post-thumbnail","hentry","category-destacadas","category-gobierno-del-estado-de-michoacan"],"_links":{"self":[{"href":"https:\/\/radiowebmx.com\/nota\/wp-json\/wp\/v2\/posts\/30798","targetHints":{"allow":["GET"]}}],"collection":[{"href":"https:\/\/radiowebmx.com\/nota\/wp-json\/wp\/v2\/posts"}],"about":[{"href":"https:\/\/radiowebmx.com\/nota\/wp-json\/wp\/v2\/types\/post"}],"author":[{"embeddable":true,"href":"https:\/\/radiowebmx.com\/nota\/wp-json\/wp\/v2\/users\/1"}],"replies":[{"embeddable":true,"href":"https:\/\/radiowebmx.com\/nota\/wp-json\/wp\/v2\/comments?post=30798"}],"version-history":[{"count":1,"href":"https:\/\/radiowebmx.com\/nota\/wp-json\/wp\/v2\/posts\/30798\/revisions"}],"predecessor-version":[{"id":30800,"href":"https:\/\/radiowebmx.com\/nota\/wp-json\/wp\/v2\/posts\/30798\/revisions\/30800"}],"wp:featuredmedia":[{"embeddable":true,"href":"https:\/\/radiowebmx.com\/nota\/wp-json\/wp\/v2\/media\/30799"}],"wp:attachment":[{"href":"https:\/\/radiowebmx.com\/nota\/wp-json\/wp\/v2\/media?parent=30798"}],"wp:term":[{"taxonomy":"category","embeddable":true,"href":"https:\/\/radiowebmx.com\/nota\/wp-json\/wp\/v2\/categories?post=30798"},{"taxonomy":"post_tag","embeddable":true,"href":"https:\/\/radiowebmx.com\/nota\/wp-json\/wp\/v2\/tags?post=30798"}],"curies":[{"name":"wp","href":"https:\/\/api.w.org\/{rel}","templated":true}]}}