{"id":30779,"date":"2017-02-02T14:33:44","date_gmt":"2017-02-02T20:33:44","guid":{"rendered":"https:\/\/radiowebmx.com\/nota\/?p=30779"},"modified":"2017-02-02T14:33:44","modified_gmt":"2017-02-02T20:33:44","slug":"arranca-reencarpetamiento-en-carriles-laterales-de-avenida-camelinas","status":"publish","type":"post","link":"https:\/\/radiowebmx.com\/nota\/arranca-reencarpetamiento-en-carriles-laterales-de-avenida-camelinas\/","title":{"rendered":"Arranca reencarpetamiento en carriles laterales de Avenida Camelinas"},"content":{"rendered":"<p><img loading=\"lazy\" decoding=\"async\" class=\"alignleft size-full wp-image-30780\" src=\"https:\/\/radiowebmx.com\/nota\/wp-content\/uploads\/2017\/02\/0eb14b52-3de8-4684-8099-19e2b29ea3af.jpeg\" alt=\"0eb14b52-3de8-4684-8099-19e2b29ea3af\" width=\"709\" height=\"472\" srcset=\"https:\/\/radiowebmx.com\/nota\/wp-content\/uploads\/2017\/02\/0eb14b52-3de8-4684-8099-19e2b29ea3af.jpeg 709w, https:\/\/radiowebmx.com\/nota\/wp-content\/uploads\/2017\/02\/0eb14b52-3de8-4684-8099-19e2b29ea3af-300x200.jpeg 300w\" sizes=\"auto, (max-width: 709px) 100vw, 709px\" \/><\/p>\n<p>&nbsp;<\/p>\n<p>Con una inversi\u00f3n de 7 millones de pesos y el compromiso de hacer una obra duradera y de calidad, el Presidente Municipal de Morelia, Alfonso Mart\u00ednez Alc\u00e1zar, encabez\u00f3 la ma\u00f1ana de este jueves, el Arranque oficial de Reencarpetamiento de los carriles de circulaci\u00f3n laterales de la Avenida Camelinas, obra que beneficiar\u00e1 a 662 mil habitantes.<\/p>\n<p>Acompa\u00f1ado del Secretario de Desarrollo Metropolitano e Infraestructura, Juan Fernando Sosa Tapia; regidores y funcionarios municipales, el Alcalde subray\u00f3 la importancia de esta obra de mejoramiento vial, al ser una de las avenidas m\u00e1s transitadas y esperadas por la ciudadan\u00eda, ya que mostraba un deterioro evidente.<\/p>\n<p>\u201cHemos visto el material que est\u00e1 colocado en las laterales de Camelinas y ahora nos explicamos porqu\u00e9 da tantos problemas cada temporada de lluvias y en las que no est\u00e1 tambi\u00e9n, pues es un material que est\u00e1 muy desgastado y corrugado y que aparte el asfalto tiene en muchas zonas cuya capa es de 5 cent\u00edmetros nada m\u00e1s y est\u00e1 es una de las zonas m\u00e1s transitadas de la Ciudad, no podemos esperar que est\u00e9 en buenas condiciones con esa calidad\u201d, resalt\u00f3.<\/p>\n<p>Ante este escenario, Alfonso Mart\u00ednez, destac\u00f3 el inter\u00e9s del Gobierno Municipal por ejecutar estos trabajos en esta zona del municipio, \u201ccomo las obras que hemos hecho y vamos a hacer, haremos las cosas bien\u201d, acot\u00f3.<\/p>\n<p>Puntualiz\u00f3 que para tales fines, se cuenta con un proyecto de planeaci\u00f3n muy preciso, en el cual se contemplan los tramos que requieren rehabilitar toda la base de la r\u00faa y en cu\u00e1les solamente necesita hacer el fresado, de tal manera que los carriles de esta importante arteria vial de la ciudad queden en excelentes condiciones y evitar las fracturas posteriores en la carpeta asf\u00e1ltica.<\/p>\n<p>Asimismo, el Jefe de la Comuna Moreliana, detall\u00f3 que estas acciones se efectuar\u00e1n por partes, en el \u00e1nimo de sortear el tr\u00e1fico vehicular y causar las menores afectaciones a la ciudadan\u00eda.<\/p>\n<p>Para culminar, hizo un llamado a los morelianos para que tengan paciencia por este tipo de proyectos de infraestructura que se llevan a cabo en la capital michoacana; \u201cuna disculpa por esta obra, pero en esta ocasi\u00f3n no solamente estamos bacheando, realizamos un trabajo a fondo, por eso la molestia ser\u00e1 temporal, mientras el beneficio ser\u00e1 permanente y m\u00e1s vale que en lugar de bachear todo el a\u00f1o, quede listo y no nos vuelva a molestar\u201d, finaliz\u00f3.<\/p>\n<p>Al hacer uso de la voz, Juan Fernando Sosa Tapia, indic\u00f3 que tal como lo ha instruido el Presidente Municipal, la dependencia ser\u00e1 eficaz y eficiente, para terminar en tiempo y forma con estos trabajos.<\/p>\n<p>Cabe destacar que esta obra se realizar\u00e1 en dos etapas, la primera sobre la Avenida Camelinas desde la calle Baltazar Echave, hasta Salida a Mil Cumbres (lado Plaza Morelia), y la segunda, desde la Salida a Mil Cumbres a Av. Enrique Ram\u00edrez Miguel (lado Torre Financiera).<\/p>\n<p>Tambi\u00e9n estuvieron en el arranque los Regidores F\u00e9lix Madrigal Pulido, Jorge Luis Tinoco Ortiz, Salvador Arvizu Cisneros y Germ\u00e1n Ireta Lino; el Secretario de Efectividad e Innovaci\u00f3n Gubernamental, Antonio Plaza Urbina; la Secretaria de Turismo, Thelma Aquique Arieta y el Director General del Colegio de Morelia, Alejandro Amante Urbina.<\/p>\n","protected":false},"excerpt":{"rendered":"<p>Con una inversi\u00f3n de 7 millones de pesos y el compromiso de hacer una obra duradera y de calidad, el Presidente Municipal de Morelia, Alfonso Mart\u00ednez Alc\u00e1zar, encabez\u00f3 la ma\u00f1ana de este jueves, el Arranque oficial de Reencarpetamiento de los carriles de circulaci\u00f3n laterales de la Avenida Camelinas<\/p>\n","protected":false},"author":1,"featured_media":30780,"comment_status":"open","ping_status":"open","sticky":false,"template":"","format":"standard","meta":{"footnotes":""},"categories":[14,9],"tags":[],"class_list":["post-30779","post","type-post","status-publish","format-standard","has-post-thumbnail","hentry","category-destacadas","category-morelia"],"_links":{"self":[{"href":"https:\/\/radiowebmx.com\/nota\/wp-json\/wp\/v2\/posts\/30779","targetHints":{"allow":["GET"]}}],"collection":[{"href":"https:\/\/radiowebmx.com\/nota\/wp-json\/wp\/v2\/posts"}],"about":[{"href":"https:\/\/radiowebmx.com\/nota\/wp-json\/wp\/v2\/types\/post"}],"author":[{"embeddable":true,"href":"https:\/\/radiowebmx.com\/nota\/wp-json\/wp\/v2\/users\/1"}],"replies":[{"embeddable":true,"href":"https:\/\/radiowebmx.com\/nota\/wp-json\/wp\/v2\/comments?post=30779"}],"version-history":[{"count":1,"href":"https:\/\/radiowebmx.com\/nota\/wp-json\/wp\/v2\/posts\/30779\/revisions"}],"predecessor-version":[{"id":30781,"href":"https:\/\/radiowebmx.com\/nota\/wp-json\/wp\/v2\/posts\/30779\/revisions\/30781"}],"wp:featuredmedia":[{"embeddable":true,"href":"https:\/\/radiowebmx.com\/nota\/wp-json\/wp\/v2\/media\/30780"}],"wp:attachment":[{"href":"https:\/\/radiowebmx.com\/nota\/wp-json\/wp\/v2\/media?parent=30779"}],"wp:term":[{"taxonomy":"category","embeddable":true,"href":"https:\/\/radiowebmx.com\/nota\/wp-json\/wp\/v2\/categories?post=30779"},{"taxonomy":"post_tag","embeddable":true,"href":"https:\/\/radiowebmx.com\/nota\/wp-json\/wp\/v2\/tags?post=30779"}],"curies":[{"name":"wp","href":"https:\/\/api.w.org\/{rel}","templated":true}]}}