{"id":30774,"date":"2017-02-02T13:40:35","date_gmt":"2017-02-02T19:40:35","guid":{"rendered":"https:\/\/radiowebmx.com\/nota\/?p=30774"},"modified":"2017-02-02T13:40:35","modified_gmt":"2017-02-02T19:40:35","slug":"buscan-mejorar-la-atencion-de-las-familias-vulnerables","status":"publish","type":"post","link":"https:\/\/radiowebmx.com\/nota\/buscan-mejorar-la-atencion-de-las-familias-vulnerables\/","title":{"rendered":"Buscan mejorar la atenci\u00f3n de las familias vulnerables"},"content":{"rendered":"<p><img loading=\"lazy\" decoding=\"async\" class=\"alignleft size-full wp-image-30775\" src=\"https:\/\/radiowebmx.com\/nota\/wp-content\/uploads\/2017\/02\/85686cf4-c821-4a5b-8905-bb15d99c03cb.jpg\" alt=\"85686cf4-c821-4a5b-8905-bb15d99c03cb\" width=\"709\" height=\"473\" srcset=\"https:\/\/radiowebmx.com\/nota\/wp-content\/uploads\/2017\/02\/85686cf4-c821-4a5b-8905-bb15d99c03cb.jpg 709w, https:\/\/radiowebmx.com\/nota\/wp-content\/uploads\/2017\/02\/85686cf4-c821-4a5b-8905-bb15d99c03cb-300x200.jpg 300w\" sizes=\"auto, (max-width: 709px) 100vw, 709px\" \/><\/p>\n<p>&nbsp;<\/p>\n<p><strong>Vista Hermosa, Michoac\u00e1n, a 01 de febrero de 2017.-<\/strong> Con la implementaci\u00f3n de los programas de becas y apoyos \u201cAvanza DIFerente\u201d, as\u00ed como la entrega de cunas y kits de maternidad \u201cUn Comienzo DIFerente\u201d, la administraci\u00f3n estatal, encabezada por el Gobernador del Estado, Silvano Aureoles Conejo busca atender a sectores de la sociedad vulnerables que con anterioridad no hab\u00edan accedido a ning\u00fan apoyo.<\/p>\n<p>As\u00ed lo dej\u00f3 de manifiesto la Directora General del Sistema DIF Michoac\u00e1n, Roc\u00edo Beamonte Romero durante las reuniones de trabajo que sostuvo con las presidentas de los Sistemas DIF municipales de las regiones La Piedad y Zamora, en donde resalt\u00f3 que la proridad para la presente administraci\u00f3n es brindar apoyos para que las familias en estado vulnerable puedan superar su condici\u00f3n y as\u00ed contar con mayores oportunidades de desarrollo.<\/p>\n<p>Precis\u00f3 que actualmente se tiene un padr\u00f3n de 8 mil 622 beneficiarios de las becas Avanza DIFerente de toda la geograf\u00eda michoacana, es decir 4 mil 973 ni\u00f1os menores de 16 a\u00f1os, as\u00ed como 3 mil 649 adultos mayores de 60 a\u00f1os que cuentan con alguna discapacidad.<\/p>\n<p>Agreg\u00f3 que este a\u00f1o se tiene programado entregar 5 mil cunas del programa \u201cUn Comienzo DIFerente\u201d, por lo que pidi\u00f3 el apoyo a los DIF municipales para conformar los expedientes t\u00e9cnicos de los beneficiarios y as\u00ed se pueda hacer llegar el apoyo a las madres que se encuentren en el \u00faltimo trimestre de su embarazo y que vivan en zonas de alta marginaci\u00f3n.<\/p>\n<p>Roc\u00edo Beamonte a\u00f1adi\u00f3 que adicional a estos programas, el Sistema DIF Michoac\u00e1n, en conjunto con asociaciones de rotarios, realizar\u00e1 jornadas de cirug\u00edas reconstructivas, as\u00ed como jornadas de entrega da implantes auditivos a muy bajos costos y que est\u00e1n dirigidas a ni\u00f1as, ni\u00f1os y adolescentes, as\u00ed como a personas en edad productiva.<\/p>\n<p>La Presidenta del Sistema DIF municipal de Sahuayo, Esperanza N\u00fa\u00f1ez Vega quien fue anfitriona de la reuni\u00f3n agradeci\u00f3 la asistencia de las presidentas de la Regi\u00f3n Zamora al encuentro que permitir\u00e1 un intercambio de ideas que permitan optimizar la atenci\u00f3n que se brinda a las personas con alg\u00fan estado de vulnerabilidad.<\/p>\n<p>Se cont\u00f3 con la asistencia de Luis Felipe Villase\u00f1or N\u00fa\u00f1ez, secretario del Ayuntamiento; Mar\u00eda Elena Manzo \u00c1valos, directora del Sistema DIF Municipal de Sahuayo; Eduardo Alberto Rojas Sandoval, director de Atenci\u00f3n a Familias en Estado Vulnerable y Enlace Municipal (AFEVEM); Mar\u00eda Guadalupe Castro Gonz\u00e1lez, enlace de la regi\u00f3n Zamora, as\u00ed como Janet Hern\u00e1ndez de la Fundaci\u00f3n Merza.<\/p>\n<p>Tambi\u00e9n se cont\u00f3 con la asistencia de presidentas y directoras de los Sistemas DIF municipales de: Villamar, Tocumbo, Santiago Tangamandapio, Pur\u00e9pero, Marcos Castellanos, Jacona, Ecuandureo, Cojumatl\u00e1n, Chavinda, Chilchota, Cotija, Ixtl\u00e1n, Jiquilpan, Pajacuar\u00e1n, Ting\u00fcindin, Venustiano Carranza y Zamora.<\/p>\n<p>En Vista Hermosa, la Directora General del Sistema DIF Michoac\u00e1n fue recibida por Claudia Patricia Mora Calder\u00f3n, presidenta del Sistema DIF municipal de Vista Hermosa y anfitriona de la reuni\u00f3n, quien agradeci\u00f3 la presencia de las autoridades del Sistema DIF, as\u00ed como a las presidentas y directoras de la regi\u00f3n.<\/p>\n<p>Eduardo Alberto Rojas Sandoval, director de AFEVEM precis\u00f3 que con la finalidad de conocer las necesidades y los retos de los Sistemas DIF municipales se realizan las reuniones regionales, asimismo se busca dar a conocer las acciones a implementar durante este a\u00f1o.<\/p>\n<p>Se tuvo la asistencia de Salvador Ram\u00edrez G\u00f3mez, secretario del Ayuntamiento; Jes\u00fas Garc\u00eda, contralor municipal; Evangelina P\u00e9rez Zaragoza, directora del DIF municipal; Daniel Arellano Flores, enlace de la regi\u00f3n La Piedad, as\u00ed como directoras y presidentas de los municipios de: Angamacutiro, Brise\u00f1as, Churintzio, Penjamillo, Yur\u00e9cuaro, Zin\u00e1paro, Tlazazalca, Tanhuato, Numar\u00e1n, La Piedad y Jos\u00e9 Sixto Verduzco.<\/p>\n<p>En ambos encuentros, la Directora General del Sistema DIF Michoac\u00e1n hizo entrega de cobijas del Programa de Atenci\u00f3n a Personas en Condiciones\u00a0de Emergencia (APCE) y dotaciones de leche Nido, las cuales fueron donadas por el corporativo Nestl\u00e9 y la Fundaci\u00f3n Duerme Tranquilo para enriquecer la nutrici\u00f3n de ni\u00f1os de 1 a 4 a\u00f1os de edad.<\/p>\n","protected":false},"excerpt":{"rendered":"<p>Con la implementaci\u00f3n de los programas de becas y apoyos \u201cAvanza DIFerente\u201d, as\u00ed como la entrega de cunas y kits de maternidad \u201cUn Comienzo DIFerente\u201d, la administraci\u00f3n estatal, encabezada por el Gobernador del Estado, Silvano Aureoles Conejo<\/p>\n","protected":false},"author":1,"featured_media":30775,"comment_status":"open","ping_status":"open","sticky":false,"template":"","format":"standard","meta":{"footnotes":""},"categories":[14,3],"tags":[],"class_list":["post-30774","post","type-post","status-publish","format-standard","has-post-thumbnail","hentry","category-destacadas","category-gobierno-del-estado-de-michoacan"],"_links":{"self":[{"href":"https:\/\/radiowebmx.com\/nota\/wp-json\/wp\/v2\/posts\/30774","targetHints":{"allow":["GET"]}}],"collection":[{"href":"https:\/\/radiowebmx.com\/nota\/wp-json\/wp\/v2\/posts"}],"about":[{"href":"https:\/\/radiowebmx.com\/nota\/wp-json\/wp\/v2\/types\/post"}],"author":[{"embeddable":true,"href":"https:\/\/radiowebmx.com\/nota\/wp-json\/wp\/v2\/users\/1"}],"replies":[{"embeddable":true,"href":"https:\/\/radiowebmx.com\/nota\/wp-json\/wp\/v2\/comments?post=30774"}],"version-history":[{"count":1,"href":"https:\/\/radiowebmx.com\/nota\/wp-json\/wp\/v2\/posts\/30774\/revisions"}],"predecessor-version":[{"id":30776,"href":"https:\/\/radiowebmx.com\/nota\/wp-json\/wp\/v2\/posts\/30774\/revisions\/30776"}],"wp:featuredmedia":[{"embeddable":true,"href":"https:\/\/radiowebmx.com\/nota\/wp-json\/wp\/v2\/media\/30775"}],"wp:attachment":[{"href":"https:\/\/radiowebmx.com\/nota\/wp-json\/wp\/v2\/media?parent=30774"}],"wp:term":[{"taxonomy":"category","embeddable":true,"href":"https:\/\/radiowebmx.com\/nota\/wp-json\/wp\/v2\/categories?post=30774"},{"taxonomy":"post_tag","embeddable":true,"href":"https:\/\/radiowebmx.com\/nota\/wp-json\/wp\/v2\/tags?post=30774"}],"curies":[{"name":"wp","href":"https:\/\/api.w.org\/{rel}","templated":true}]}}