{"id":30768,"date":"2017-02-02T13:09:45","date_gmt":"2017-02-02T19:09:45","guid":{"rendered":"https:\/\/radiowebmx.com\/nota\/?p=30768"},"modified":"2017-02-02T13:09:45","modified_gmt":"2017-02-02T19:09:45","slug":"alfonso-martinez-da-banderazo-a-importante-obra-vial-al-sur-de-morelia","status":"publish","type":"post","link":"https:\/\/radiowebmx.com\/nota\/alfonso-martinez-da-banderazo-a-importante-obra-vial-al-sur-de-morelia\/","title":{"rendered":"Alfonso Mart\u00ednez da banderazo a importante obra vial al Sur de Morelia"},"content":{"rendered":"<p><img loading=\"lazy\" decoding=\"async\" class=\"alignleft size-full wp-image-30769\" src=\"https:\/\/radiowebmx.com\/nota\/wp-content\/uploads\/2017\/02\/02407904-b093-4b47-9bc9-02b402ab226e.jpeg\" alt=\"02407904-b093-4b47-9bc9-02b402ab226e\" width=\"709\" height=\"472\" srcset=\"https:\/\/radiowebmx.com\/nota\/wp-content\/uploads\/2017\/02\/02407904-b093-4b47-9bc9-02b402ab226e.jpeg 709w, https:\/\/radiowebmx.com\/nota\/wp-content\/uploads\/2017\/02\/02407904-b093-4b47-9bc9-02b402ab226e-300x200.jpeg 300w\" sizes=\"auto, (max-width: 709px) 100vw, 709px\" \/><\/p>\n<p>&nbsp;<\/p>\n<p>El Presidente Municipal de Morelia, Alfonso Mart\u00ednez Alc\u00e1zar, inaugur\u00f3 este jueves los trabajos de reconstrucci\u00f3n y mejoras de la avenida La Joya, obra que permitir\u00e1 una mejor conexi\u00f3n con el camino a la comunidad de At\u00e9cuaro y beneficiar\u00e1 a miles de morelianos que viven en esa zona de la capital de Michoac\u00e1n.<\/p>\n<p>Con la presencia del Secretario de Desarrollo Metropolitano e Infraestructura, Juan Fernando Sosa Tapia; el Secretario de Efectividad e Innovaci\u00f3n Gubernamental, Antonio Plaza Urbina; el Secretario de Administraci\u00f3n Municipal, Yankel Ben\u00edtez Silva y el Director de Instituto Municipal de Cultura F\u00edsica y Deporte, Gustavo Ju\u00e1rez Bedolla y un grupo de vecinos, el Presidente Municipal de Morelia, destac\u00f3 que para su Administraci\u00f3n es preponderante darle al peat\u00f3n su lugar al momento de realizar obras que abonen al desarrollo vial de la Capital Michoacana.<\/p>\n<p>\u201cEs una obra incluyente, es una obra donde no solamente se trata de trabajar para los coches, nos interesa que en cada inversi\u00f3n que hagamos le demos tambi\u00e9n mucha importancia a los peatones, por eso tambi\u00e9n se van a intervenir las banquetas no solamente el arroyo vehicular\u201d, dijo Alfonso Mart\u00ednez.<\/p>\n<p>Agreg\u00f3 que la construcci\u00f3n en cuesti\u00f3n se har\u00e1 con concreto hidr\u00e1ulico de alta calidad, que perdure a largo plazo y puntualiz\u00f3 que otra de las preocupaciones de estos programas de obras, es lograr que \u00e9stas mejoren la imagen urbana, \u201co dicho m\u00e1s claro: hacer bonita nuestra ciudad, porque merecemos que cada peso que se invierta nos ayude a embellecer Morelia\u201d, puntualiz\u00f3.<\/p>\n<p>Subray\u00f3 que la obra en avenida La Joya es de gran importancia para la zona, debido a que los vecinos de esta zona y los habitantes de la Tenencia de At\u00e9cuaro, contar\u00e1n con una alternativa vial para trasladarse, reduciendo as\u00ed los tiempos para que realicen sus tareas diarias.<\/p>\n<p>Alfonso Mart\u00ednez pidi\u00f3 a la ciudadan\u00eda su paciencia por los cortes viales que se est\u00e1n registrando en la ciudad a causa de las obras y a\u00f1adi\u00f3 que estos cortes son se\u00f1al de que se est\u00e1 trabajando.<\/p>\n<p>Por su parte el Secretario de Desarrollo Metropolitano e Infraestructura, Juan Fernando Sosa Tapia, inform\u00f3 que ser\u00e1n intervenidos mil 700 metros cuadrados de la avenida La Joya, con un estimado de 45 d\u00edas de obra realizados con un monto aproximado de 2.2 millones de pesos.<\/p>\n<p>Detall\u00f3 que esta intervenci\u00f3n conllevar\u00e1 levantar el pavimento, la conformaci\u00f3n de una base hidr\u00e1ulica, banquetas y guarniciones, mismas que en su conclusi\u00f3n representar\u00e1n una nueva opci\u00f3n de desahogo vial hacia la zona de At\u00e9cuaro.<\/p>\n","protected":false},"excerpt":{"rendered":"<p>El Presidente Municipal de Morelia, Alfonso Mart\u00ednez Alc\u00e1zar, inaugur\u00f3 este jueves los trabajos de reconstrucci\u00f3n y mejoras de la avenida La Joya, obra que permitir\u00e1 una mejor conexi\u00f3n con el camino a la comunidad de At\u00e9cuaro y beneficiar\u00e1 a miles de morelianos que viven en esa zona de la capital de Michoac\u00e1n.<\/p>\n","protected":false},"author":1,"featured_media":30769,"comment_status":"open","ping_status":"open","sticky":false,"template":"","format":"standard","meta":{"footnotes":""},"categories":[14,3],"tags":[],"class_list":["post-30768","post","type-post","status-publish","format-standard","has-post-thumbnail","hentry","category-destacadas","category-gobierno-del-estado-de-michoacan"],"_links":{"self":[{"href":"https:\/\/radiowebmx.com\/nota\/wp-json\/wp\/v2\/posts\/30768","targetHints":{"allow":["GET"]}}],"collection":[{"href":"https:\/\/radiowebmx.com\/nota\/wp-json\/wp\/v2\/posts"}],"about":[{"href":"https:\/\/radiowebmx.com\/nota\/wp-json\/wp\/v2\/types\/post"}],"author":[{"embeddable":true,"href":"https:\/\/radiowebmx.com\/nota\/wp-json\/wp\/v2\/users\/1"}],"replies":[{"embeddable":true,"href":"https:\/\/radiowebmx.com\/nota\/wp-json\/wp\/v2\/comments?post=30768"}],"version-history":[{"count":1,"href":"https:\/\/radiowebmx.com\/nota\/wp-json\/wp\/v2\/posts\/30768\/revisions"}],"predecessor-version":[{"id":30770,"href":"https:\/\/radiowebmx.com\/nota\/wp-json\/wp\/v2\/posts\/30768\/revisions\/30770"}],"wp:featuredmedia":[{"embeddable":true,"href":"https:\/\/radiowebmx.com\/nota\/wp-json\/wp\/v2\/media\/30769"}],"wp:attachment":[{"href":"https:\/\/radiowebmx.com\/nota\/wp-json\/wp\/v2\/media?parent=30768"}],"wp:term":[{"taxonomy":"category","embeddable":true,"href":"https:\/\/radiowebmx.com\/nota\/wp-json\/wp\/v2\/categories?post=30768"},{"taxonomy":"post_tag","embeddable":true,"href":"https:\/\/radiowebmx.com\/nota\/wp-json\/wp\/v2\/tags?post=30768"}],"curies":[{"name":"wp","href":"https:\/\/api.w.org\/{rel}","templated":true}]}}