{"id":30765,"date":"2017-02-02T12:51:25","date_gmt":"2017-02-02T18:51:25","guid":{"rendered":"https:\/\/radiowebmx.com\/nota\/?p=30765"},"modified":"2017-02-02T12:51:25","modified_gmt":"2017-02-02T18:51:25","slug":"realiza-gestiones-juan-figueroa-para-reabrir-casa-de-la-cultura-en-nocupetaro","status":"publish","type":"post","link":"https:\/\/radiowebmx.com\/nota\/realiza-gestiones-juan-figueroa-para-reabrir-casa-de-la-cultura-en-nocupetaro\/","title":{"rendered":"Realiza gestiones Juan Figueroa para reabrir casa de la Cultura en Nocup\u00e9taro"},"content":{"rendered":"<p class=\"x_MsoNormal\"><img loading=\"lazy\" decoding=\"async\" class=\"alignleft size-full wp-image-30766\" src=\"https:\/\/radiowebmx.com\/nota\/wp-content\/uploads\/2017\/02\/thumbnail_122-01.jpg\" alt=\"thumbnail_122-01\" width=\"709\" height=\"531\" srcset=\"https:\/\/radiowebmx.com\/nota\/wp-content\/uploads\/2017\/02\/thumbnail_122-01.jpg 709w, https:\/\/radiowebmx.com\/nota\/wp-content\/uploads\/2017\/02\/thumbnail_122-01-300x225.jpg 300w\" sizes=\"auto, (max-width: 709px) 100vw, 709px\" \/><\/p>\n<p class=\"x_MsoNormal\">\n<p class=\"x_MsoNormal\"><b><span lang=\"ES\">Morelia, Mich., a 01 de febrero de 2017<\/span><\/b><span lang=\"ES\">.- La cultura es un signo de identidad de todo ser humano, el derecho acceder a ella es fundamental en el desarrollo y bienestar social, y una obligaci\u00f3n del estado garantizar que todos puedan gozar de ella, por ello el diputado del PRD, Juan \u00a0Figueroa inici\u00f3 gestiones para reabrir y equipar la Casa de la Cultura en Nocup\u00e9taro.<\/span><\/p>\n<p class=\"x_MsoNormal\"><span lang=\"ES\">\u00a0<\/span><\/p>\n<p class=\"x_MsoNormal\"><span lang=\"ES\">El legislador por el Distrito de Huetamo, sostuvo este mi\u00e9rcoles una reuni\u00f3n con la titular de la Secretaria de Cultura en el estado, Silvia Figueroa Zamudio a quien solicit\u00f3 su apoyo para equipar y poner a funcionar la Casa de la Cultura de este municipio de Tierra Caliente.<\/span><\/p>\n<p class=\"x_MsoNormal\"><span lang=\"ES\">\u00a0<\/span><\/p>\n<p class=\"x_MsoNormal\"><span lang=\"ES\">El diputado indic\u00f3 que durante el encuentro la titular del \u00e1rea mostr\u00f3 inter\u00e9s y disposici\u00f3n por hacer las gestiones necesarias y equipar el centro, dio un voto de confianza en que a la brevedad se pueda contar con un espacio fundamental para la reconstrucci\u00f3n del tejido social, en una zona lastimada por la violencia en a\u00f1os anteriores.<\/span><\/p>\n<p class=\"x_MsoNormal\"><span lang=\"ES\">\u00a0<\/span><\/p>\n<p class=\"x_MsoNormal\"><span lang=\"ES\">Destac\u00f3 la riqueza cultural que tiene esta zona, y agreg\u00f3 que la generaci\u00f3n de estos espacios contribuyen a fomentar una sana convivencia, a generar valores, v\u00ednculos e identidades que nos definen como seres humanos y contribuyen a que seamos mejores personas, de ah\u00ed dijo la importancia de contar con un espacio donde convergen todas las expresiones art\u00edsticas, culturales y sociales.<\/span><\/p>\n<p class=\"x_MsoNormal\"><span lang=\"ES\">\u00a0<\/span><\/p>\n<p class=\"x_MsoNormal\"><span lang=\"ES\">En este contexto sostuvo que trabajar\u00e1 para que en m\u00e1s regiones de tierra caliente se pueda hacer efectivo el rescate de los espacios p\u00fablicos, como medida para mejorar las condiciones de vida de los ciudadanos, y contribuir a la promoci\u00f3n de una cultura de valores, y en consecuencia generar cohesi\u00f3n social y caminar desde esta trinchera en el combate de conductas da\u00f1inas que afectan a ni\u00f1os y j\u00f3venes.<\/span><\/p>\n","protected":false},"excerpt":{"rendered":"<p> La cultura es un signo de identidad de todo ser humano, el derecho acceder a ella es fundamental en el desarrollo y bienestar social, y una obligaci\u00f3n del estado garantizar que todos puedan gozar de ella, por ello el diputado del PRD<\/p>\n","protected":false},"author":1,"featured_media":30766,"comment_status":"open","ping_status":"open","sticky":false,"template":"","format":"standard","meta":{"footnotes":""},"categories":[6,14,19],"tags":[],"class_list":["post-30765","post","type-post","status-publish","format-standard","has-post-thumbnail","hentry","category-congreso-del-estado","category-destacadas","category-grupo-parlamentario-del-prd"],"_links":{"self":[{"href":"https:\/\/radiowebmx.com\/nota\/wp-json\/wp\/v2\/posts\/30765","targetHints":{"allow":["GET"]}}],"collection":[{"href":"https:\/\/radiowebmx.com\/nota\/wp-json\/wp\/v2\/posts"}],"about":[{"href":"https:\/\/radiowebmx.com\/nota\/wp-json\/wp\/v2\/types\/post"}],"author":[{"embeddable":true,"href":"https:\/\/radiowebmx.com\/nota\/wp-json\/wp\/v2\/users\/1"}],"replies":[{"embeddable":true,"href":"https:\/\/radiowebmx.com\/nota\/wp-json\/wp\/v2\/comments?post=30765"}],"version-history":[{"count":1,"href":"https:\/\/radiowebmx.com\/nota\/wp-json\/wp\/v2\/posts\/30765\/revisions"}],"predecessor-version":[{"id":30767,"href":"https:\/\/radiowebmx.com\/nota\/wp-json\/wp\/v2\/posts\/30765\/revisions\/30767"}],"wp:featuredmedia":[{"embeddable":true,"href":"https:\/\/radiowebmx.com\/nota\/wp-json\/wp\/v2\/media\/30766"}],"wp:attachment":[{"href":"https:\/\/radiowebmx.com\/nota\/wp-json\/wp\/v2\/media?parent=30765"}],"wp:term":[{"taxonomy":"category","embeddable":true,"href":"https:\/\/radiowebmx.com\/nota\/wp-json\/wp\/v2\/categories?post=30765"},{"taxonomy":"post_tag","embeddable":true,"href":"https:\/\/radiowebmx.com\/nota\/wp-json\/wp\/v2\/tags?post=30765"}],"curies":[{"name":"wp","href":"https:\/\/api.w.org\/{rel}","templated":true}]}}