{"id":30762,"date":"2017-02-02T12:47:18","date_gmt":"2017-02-02T18:47:18","guid":{"rendered":"https:\/\/radiowebmx.com\/nota\/?p=30762"},"modified":"2017-02-02T12:47:18","modified_gmt":"2017-02-02T18:47:18","slug":"mauricio-prieto-y-ernesto-nunez-inauguran-serie-de-conferencias-reflexiones-legislativas","status":"publish","type":"post","link":"https:\/\/radiowebmx.com\/nota\/mauricio-prieto-y-ernesto-nunez-inauguran-serie-de-conferencias-reflexiones-legislativas\/","title":{"rendered":"Mauricio Prieto y Ernesto N\u00fa\u00f1ez inauguran serie de conferencias \u201cReflexiones Legislativas\u201d"},"content":{"rendered":"<p class=\"x_MsoNormal\"><img loading=\"lazy\" decoding=\"async\" class=\"alignleft size-full wp-image-30763\" src=\"https:\/\/radiowebmx.com\/nota\/wp-content\/uploads\/2017\/02\/thumbnail_Comunicado-119-2.jpg\" alt=\"thumbnail_Comunicado 119 (2)\" width=\"709\" height=\"472\" srcset=\"https:\/\/radiowebmx.com\/nota\/wp-content\/uploads\/2017\/02\/thumbnail_Comunicado-119-2.jpg 709w, https:\/\/radiowebmx.com\/nota\/wp-content\/uploads\/2017\/02\/thumbnail_Comunicado-119-2-300x200.jpg 300w\" sizes=\"auto, (max-width: 709px) 100vw, 709px\" \/><\/p>\n<p class=\"x_MsoNormal\">\n<p class=\"x_MsoNormal\"><b>Morelia; Michoac\u00e1n, 01 de febrero de 2017<\/b>.- \u00a0Con el objetivo principal de enriquecer los trabajos legislativos, se llev\u00f3 a cabo la ponencia en materia de adopci\u00f3n impartida por la Dra. Ana Luz Mila Barrera. Con la presencia de los diputados Ra\u00fal Prieto y Ernesto N\u00fa\u00f1ez se inaugur\u00f3 la serie de conferencias denominadas \u201cReflexiones Legislativas\u201d, que se realizar\u00e1n cada mi\u00e9rcoles de manera permanente, organizadas por el Instituto de Investigaciones y Estudios Legislativos en coordinaci\u00f3n con la Biblioteca \u201cEduardo Ru\u00edz \u00c1lvarez\u201d del Congreso del Estado.<\/p>\n<p class=\"x_MsoNormal\">Cabe destacar que en la inauguraci\u00f3n \u00a0tambi\u00e9n se cont\u00f3 con la presencia del Mtro. Carlos Francisco Castelazo Mendoza, Director General del Instituto de Investigaciones y Estudios Legislativos y de la Lic. Adriana Zamudio Mart\u00ednez, Directora General de Servicios de apoyo Parlamentario.<\/p>\n<p class=\"x_MsoNormal\">En este tenor, el diputado Ra\u00fal Prieto al dar la bienvenida destac\u00f3 la importancia de este tipo de eventos que abonan y enriquecen el trabajo legislativo, con los que se puede ver desde otra perspectiva y puntos de vista la manera de fortalecer los instrumentos legales en beneficio de los michoacanos.<\/p>\n<p class=\"x_MsoNormal\">Por su parte, el diputado Ernesto N\u00fa\u00f1ez manifest\u00f3 su inter\u00e9s por la adopci\u00f3n, tema central de la ponencia, e inform\u00f3 que est\u00e1 trabajando en una iniciativa en la materia, la cual espera concluir en breve, para la pr\u00f3xima semana presentarla ante el Pleno del Congreso.<\/p>\n<p class=\"x_MsoNormal\">Asimismo, Ana Luz Mila Barrera ex procuradora de la Defensa del Menor y la Familia del Sistema DIF en el estado, se\u00f1al\u00f3 que actualmente existen muchos retos por superar en materia de adopci\u00f3n, no s\u00f3lo en el tema legal sino tambi\u00e9n en generar una cultura de adopci\u00f3n, en donde los adoptantes se sensibilicen y quieran adoptar a los menores de edad aun cuando no sean reci\u00e9n nacidos, sanos, o \u201cg\u00fcerito\u201d de ojos azules.<\/p>\n<p class=\"x_MsoNormal\">Precis\u00f3 que la premisa siempre es el inter\u00e9s superior del menor y no del adoptante, pero que de manera desafortunada muchas veces los adoptantes renuncian al tr\u00e1mite ya sea porque el menor no cumple las condiciones pretendidas, o en el caso de los menores con conciencia, es decir los mayores a tres a\u00f1os, no les convence la convivencia que deben realizar previa a la adopci\u00f3n.<\/p>\n<p class=\"x_MsoNormal\">Mila Barrera destac\u00f3 que hace falta reformar la Ley de Adopci\u00f3n el Estado de Michoac\u00e1n, en particular \u00a0el cap\u00edtulo VI denominado \u201cEntrega Voluntaria de una Ni\u00f1a, Ni\u00f1o o Adolescente con Prop\u00f3sito de Adopci\u00f3n\u201d, legislaci\u00f3n que a decir de la ponente, abona a acrecentar el n\u00famero de ni\u00f1os en condici\u00f3n de adopci\u00f3n; por ello, propuso crear \u00e1reas en donde se brinde apoyo a estas familias y tratar de superar el problema que presentan, con ello evitar que abandonen a sus hijos.<\/p>\n<p class=\"x_MsoNormal\">Asimismo, puntualiz\u00f3 que se tendr\u00e1 que revisar le legislaci\u00f3n vigente para incluir temas como la adopci\u00f3n subrogada o renta de vientres, as\u00ed como la adopci\u00f3n por parejas del mismo sexo, a fin de contar con un herramienta legal de vanguardia ya acorde a la necesidades actuales de la sociedad michoacana.<\/p>\n","protected":false},"excerpt":{"rendered":"<p>Con el objetivo principal de enriquecer los trabajos legislativos, se llev\u00f3 a cabo la ponencia en materia de adopci\u00f3n impartida por la Dra. Ana Luz Mila Barrera. Con la presencia de los diputados Ra\u00fal Prieto y Ernesto N\u00fa\u00f1ez se inaugur\u00f3 la serie de conferencias denominadas \u201cReflexiones Legislativas\u201d<\/p>\n","protected":false},"author":1,"featured_media":30763,"comment_status":"open","ping_status":"open","sticky":false,"template":"","format":"standard","meta":{"footnotes":""},"categories":[6,14],"tags":[],"class_list":["post-30762","post","type-post","status-publish","format-standard","has-post-thumbnail","hentry","category-congreso-del-estado","category-destacadas"],"_links":{"self":[{"href":"https:\/\/radiowebmx.com\/nota\/wp-json\/wp\/v2\/posts\/30762","targetHints":{"allow":["GET"]}}],"collection":[{"href":"https:\/\/radiowebmx.com\/nota\/wp-json\/wp\/v2\/posts"}],"about":[{"href":"https:\/\/radiowebmx.com\/nota\/wp-json\/wp\/v2\/types\/post"}],"author":[{"embeddable":true,"href":"https:\/\/radiowebmx.com\/nota\/wp-json\/wp\/v2\/users\/1"}],"replies":[{"embeddable":true,"href":"https:\/\/radiowebmx.com\/nota\/wp-json\/wp\/v2\/comments?post=30762"}],"version-history":[{"count":1,"href":"https:\/\/radiowebmx.com\/nota\/wp-json\/wp\/v2\/posts\/30762\/revisions"}],"predecessor-version":[{"id":30764,"href":"https:\/\/radiowebmx.com\/nota\/wp-json\/wp\/v2\/posts\/30762\/revisions\/30764"}],"wp:featuredmedia":[{"embeddable":true,"href":"https:\/\/radiowebmx.com\/nota\/wp-json\/wp\/v2\/media\/30763"}],"wp:attachment":[{"href":"https:\/\/radiowebmx.com\/nota\/wp-json\/wp\/v2\/media?parent=30762"}],"wp:term":[{"taxonomy":"category","embeddable":true,"href":"https:\/\/radiowebmx.com\/nota\/wp-json\/wp\/v2\/categories?post=30762"},{"taxonomy":"post_tag","embeddable":true,"href":"https:\/\/radiowebmx.com\/nota\/wp-json\/wp\/v2\/tags?post=30762"}],"curies":[{"name":"wp","href":"https:\/\/api.w.org\/{rel}","templated":true}]}}