{"id":30747,"date":"2017-02-02T11:13:34","date_gmt":"2017-02-02T17:13:34","guid":{"rendered":"https:\/\/radiowebmx.com\/nota\/?p=30747"},"modified":"2017-02-02T11:14:32","modified_gmt":"2017-02-02T17:14:32","slug":"sicdet-y-conacyt-alistan-agenda-estrategica-de-ciencia-y-tecnologia-para-michoacan","status":"publish","type":"post","link":"https:\/\/radiowebmx.com\/nota\/sicdet-y-conacyt-alistan-agenda-estrategica-de-ciencia-y-tecnologia-para-michoacan\/","title":{"rendered":"SICDET y Conacyt alistan Agenda Estrat\u00e9gica de Ciencia y Tecnolog\u00eda para Michoac\u00e1n"},"content":{"rendered":"<p><img loading=\"lazy\" decoding=\"async\" class=\"alignleft size-full wp-image-30749\" src=\"https:\/\/radiowebmx.com\/nota\/wp-content\/uploads\/2017\/02\/f01a59ef-7d92-4553-8541-9ed30d57a667.jpg\" alt=\"f01a59ef-7d92-4553-8541-9ed30d57a667\" width=\"709\" height=\"498\" srcset=\"https:\/\/radiowebmx.com\/nota\/wp-content\/uploads\/2017\/02\/f01a59ef-7d92-4553-8541-9ed30d57a667.jpg 709w, https:\/\/radiowebmx.com\/nota\/wp-content\/uploads\/2017\/02\/f01a59ef-7d92-4553-8541-9ed30d57a667-300x211.jpg 300w\" sizes=\"auto, (max-width: 709px) 100vw, 709px\" \/><\/p>\n<p>&nbsp;<\/p>\n<p><strong>Ciudad de M\u00e9xico, a 1 de febrero de 2017.-\u00a0<\/strong>En cumplimiento a las instrucciones del Gobernador Silvano Aureoles Conejo, un equipo de trabajo de la Secretar\u00eda de Innovaci\u00f3n, Ciencia y Desarrollo Tecnol\u00f3gico (SICDET), se reuni\u00f3 con autoridades federales con objeto de construir una Agenda Estrat\u00e9gica de Ciencia y Tecnolog\u00eda para Michoac\u00e1n.<\/p>\n<p>A nombre de Michoac\u00e1n, el titular de la SICDET, Jos\u00e9 Luis Monta\u00f1ez Espinosa, encabez\u00f3 el encuentro con autoridades del Consejo Nacional de Ciencia y Tecnolog\u00eda (Conacyt), encabezados por los directores adjuntos de la Direcci\u00f3n General y de Desarrollo Cient\u00edfico, Federico Graf y Julia Tague\u00f1a Parga, respectivamente.<\/p>\n<p>Monta\u00f1ez Espinosa destac\u00f3 que con base en el Plan de Desarrollo Integral del Estado de Michoac\u00e1n 2015-2021, las gestiones se encaminan al fortalecimiento de las capacidades cient\u00edficas y tecnol\u00f3gicas y que \u00e9stas se traduzcan en un impulso a la ciencia b\u00e1sica y aplicada, as\u00ed como al posicionamiento de la entidad para la atracci\u00f3n de inversiones estrat\u00e9gicas y la cooperaci\u00f3n en materia de desarrollo.<\/p>\n<p>Destac\u00f3 que gracias al apoyo de la Federaci\u00f3n, durante 2016 fue posible llevar a cabo una serie de acciones como becas para maestr\u00edas y posgrados, generaci\u00f3n de productos de divulgaci\u00f3n, congresos, encuentros, eventos como la Caravana de la Ciencia, impulso a programas de innovaci\u00f3n, coordinaci\u00f3n de acciones en materia de ciencia y tecnolog\u00eda, entre otras.<\/p>\n","protected":false},"excerpt":{"rendered":"<p>En cumplimiento a las instrucciones del Gobernador Silvano Aureoles Conejo, un equipo de trabajo de la Secretar\u00eda de Innovaci\u00f3n, Ciencia y Desarrollo Tecnol\u00f3gico (SICDET), se reuni\u00f3 con autoridades federales con objeto de construir una Agenda Estrat\u00e9gica de Ciencia y Tecnolog\u00eda para Michoac\u00e1n.<\/p>\n","protected":false},"author":1,"featured_media":30749,"comment_status":"open","ping_status":"open","sticky":false,"template":"","format":"standard","meta":{"footnotes":""},"categories":[14,3],"tags":[],"class_list":["post-30747","post","type-post","status-publish","format-standard","has-post-thumbnail","hentry","category-destacadas","category-gobierno-del-estado-de-michoacan"],"_links":{"self":[{"href":"https:\/\/radiowebmx.com\/nota\/wp-json\/wp\/v2\/posts\/30747","targetHints":{"allow":["GET"]}}],"collection":[{"href":"https:\/\/radiowebmx.com\/nota\/wp-json\/wp\/v2\/posts"}],"about":[{"href":"https:\/\/radiowebmx.com\/nota\/wp-json\/wp\/v2\/types\/post"}],"author":[{"embeddable":true,"href":"https:\/\/radiowebmx.com\/nota\/wp-json\/wp\/v2\/users\/1"}],"replies":[{"embeddable":true,"href":"https:\/\/radiowebmx.com\/nota\/wp-json\/wp\/v2\/comments?post=30747"}],"version-history":[{"count":2,"href":"https:\/\/radiowebmx.com\/nota\/wp-json\/wp\/v2\/posts\/30747\/revisions"}],"predecessor-version":[{"id":30750,"href":"https:\/\/radiowebmx.com\/nota\/wp-json\/wp\/v2\/posts\/30747\/revisions\/30750"}],"wp:featuredmedia":[{"embeddable":true,"href":"https:\/\/radiowebmx.com\/nota\/wp-json\/wp\/v2\/media\/30749"}],"wp:attachment":[{"href":"https:\/\/radiowebmx.com\/nota\/wp-json\/wp\/v2\/media?parent=30747"}],"wp:term":[{"taxonomy":"category","embeddable":true,"href":"https:\/\/radiowebmx.com\/nota\/wp-json\/wp\/v2\/categories?post=30747"},{"taxonomy":"post_tag","embeddable":true,"href":"https:\/\/radiowebmx.com\/nota\/wp-json\/wp\/v2\/tags?post=30747"}],"curies":[{"name":"wp","href":"https:\/\/api.w.org\/{rel}","templated":true}]}}