{"id":30744,"date":"2017-02-02T11:05:48","date_gmt":"2017-02-02T17:05:48","guid":{"rendered":"https:\/\/radiowebmx.com\/nota\/?p=30744"},"modified":"2017-02-02T11:05:48","modified_gmt":"2017-02-02T17:05:48","slug":"impulsaran-proyectos-productivos-y-de-infraestructura-para-migrantes","status":"publish","type":"post","link":"https:\/\/radiowebmx.com\/nota\/impulsaran-proyectos-productivos-y-de-infraestructura-para-migrantes\/","title":{"rendered":"Impulsar\u00e1n proyectos productivos y de infraestructura para migrantes"},"content":{"rendered":"<p><img loading=\"lazy\" decoding=\"async\" class=\"alignleft size-full wp-image-30745\" src=\"https:\/\/radiowebmx.com\/nota\/wp-content\/uploads\/2017\/02\/82471302-adc6-4c43-9578-b1df4c09dc8a.jpeg\" alt=\"82471302-adc6-4c43-9578-b1df4c09dc8a\" width=\"709\" height=\"598\" srcset=\"https:\/\/radiowebmx.com\/nota\/wp-content\/uploads\/2017\/02\/82471302-adc6-4c43-9578-b1df4c09dc8a.jpeg 709w, https:\/\/radiowebmx.com\/nota\/wp-content\/uploads\/2017\/02\/82471302-adc6-4c43-9578-b1df4c09dc8a-300x253.jpeg 300w\" sizes=\"auto, (max-width: 709px) 100vw, 709px\" \/><\/p>\n<p>&nbsp;<\/p>\n<p><strong>Morelia, Michoac\u00e1n, a 1 de febrero de 2017.-<\/strong> Con la presentaci\u00f3n y aprobaci\u00f3n de las reglas de operaci\u00f3n del programa 3&#215;1 para Migrantes y con la presencia del titular de la Secretar\u00eda del Migrante (Semigrante), Jos\u00e9 Luis Guti\u00e9rrez; del encargado del despacho de la Delegaci\u00f3n en Michoac\u00e1n de la Secretar\u00eda de Desarrollo Social, Arturo Avalos Navarrete; de los alcaldes de Morelia, Ixtl\u00e1n, Taretan, Ju\u00e1rez, Erongar\u00edcuaro y Vista Hermosa; adem\u00e1s de representantes de seis federaciones de migrantes en Estados Unidos, fue firmada el acta de Instalaci\u00f3n del Comit\u00e9 de Validaci\u00f3n y Atenci\u00f3n a Migrantes (Covam).<\/p>\n<p>En el Covam est\u00e1n representados, en igual y con voz y voto, los Gobiernos Federal, Estatal y Municipales, as\u00ed como los migrantes organizados, a fin de garantizar la transparencia y el equilibrio en la toma de decisiones. Los representantes de los clubes migrantes no podr\u00e1n pertenecer a ninguna instancia gubernamental de cualquiera de los tres \u00f3rdenes de gobierno.<\/p>\n<p>Podr\u00e1n integrarse especialistas, sean acad\u00e9micos o miembros de las asociaciones de profesionistas de la entidad, que se relacionen con las \u00e1reas de los proyectos a ser validados por el Covam, con el prop\u00f3sito de que su opini\u00f3n especializada coadyuve a la toma de decisiones sobre los proyectos de inversi\u00f3n.\u00a0Estos representantes tendr\u00e1n derecho a voz, pero sin voto.<\/p>\n<p>En este marco, el titular de la Semigrante subray\u00f3 que la instrucci\u00f3n del Gobernador Silvano Aureoles Conejo, es duplicar la aportaci\u00f3n realizada por el Gobierno del Estado en 2016.<\/p>\n<p>El funcionario estatal destac\u00f3 que debido a la pol\u00edtica exterior de Estados Unidos, el programa 3&#215;1 para migrantes ser\u00e1 uno de los m\u00e1s trascendentales, pues permitir\u00e1 que los mexicanos que radican en el vecino pa\u00eds estrechen lazos con sus comunidades de origen.<\/p>\n","protected":false},"excerpt":{"rendered":"<p>Con la presentaci\u00f3n y aprobaci\u00f3n de las reglas de operaci\u00f3n del programa 3&#215;1 para Migrantes y con la presencia del titular de la Secretar\u00eda del Migrante (Semigrante), Jos\u00e9 Luis Guti\u00e9rrez; del encargado del despacho de la Delegaci\u00f3n en Michoac\u00e1n de la Secretar\u00eda de Desarrollo Social<\/p>\n","protected":false},"author":1,"featured_media":30745,"comment_status":"open","ping_status":"open","sticky":false,"template":"","format":"standard","meta":{"footnotes":""},"categories":[14,3],"tags":[],"class_list":["post-30744","post","type-post","status-publish","format-standard","has-post-thumbnail","hentry","category-destacadas","category-gobierno-del-estado-de-michoacan"],"_links":{"self":[{"href":"https:\/\/radiowebmx.com\/nota\/wp-json\/wp\/v2\/posts\/30744","targetHints":{"allow":["GET"]}}],"collection":[{"href":"https:\/\/radiowebmx.com\/nota\/wp-json\/wp\/v2\/posts"}],"about":[{"href":"https:\/\/radiowebmx.com\/nota\/wp-json\/wp\/v2\/types\/post"}],"author":[{"embeddable":true,"href":"https:\/\/radiowebmx.com\/nota\/wp-json\/wp\/v2\/users\/1"}],"replies":[{"embeddable":true,"href":"https:\/\/radiowebmx.com\/nota\/wp-json\/wp\/v2\/comments?post=30744"}],"version-history":[{"count":1,"href":"https:\/\/radiowebmx.com\/nota\/wp-json\/wp\/v2\/posts\/30744\/revisions"}],"predecessor-version":[{"id":30746,"href":"https:\/\/radiowebmx.com\/nota\/wp-json\/wp\/v2\/posts\/30744\/revisions\/30746"}],"wp:featuredmedia":[{"embeddable":true,"href":"https:\/\/radiowebmx.com\/nota\/wp-json\/wp\/v2\/media\/30745"}],"wp:attachment":[{"href":"https:\/\/radiowebmx.com\/nota\/wp-json\/wp\/v2\/media?parent=30744"}],"wp:term":[{"taxonomy":"category","embeddable":true,"href":"https:\/\/radiowebmx.com\/nota\/wp-json\/wp\/v2\/categories?post=30744"},{"taxonomy":"post_tag","embeddable":true,"href":"https:\/\/radiowebmx.com\/nota\/wp-json\/wp\/v2\/tags?post=30744"}],"curies":[{"name":"wp","href":"https:\/\/api.w.org\/{rel}","templated":true}]}}