{"id":30741,"date":"2017-02-02T11:00:41","date_gmt":"2017-02-02T17:00:41","guid":{"rendered":"https:\/\/radiowebmx.com\/nota\/?p=30741"},"modified":"2017-02-02T11:00:41","modified_gmt":"2017-02-02T17:00:41","slug":"arrancan-trabajos-previos-de-reencarpetamiento-en-laterales-de-avenida-camelinas","status":"publish","type":"post","link":"https:\/\/radiowebmx.com\/nota\/arrancan-trabajos-previos-de-reencarpetamiento-en-laterales-de-avenida-camelinas\/","title":{"rendered":"Arrancan trabajos previos de reencarpetamiento en laterales de Avenida Camelinas"},"content":{"rendered":"<p><img loading=\"lazy\" decoding=\"async\" class=\"alignleft size-full wp-image-30742\" src=\"https:\/\/radiowebmx.com\/nota\/wp-content\/uploads\/2017\/02\/2ec937dd-0caf-4afe-96e8-044ecf134a03.jpeg\" alt=\"2ec937dd-0caf-4afe-96e8-044ecf134a03\" width=\"709\" height=\"398\" srcset=\"https:\/\/radiowebmx.com\/nota\/wp-content\/uploads\/2017\/02\/2ec937dd-0caf-4afe-96e8-044ecf134a03.jpeg 709w, https:\/\/radiowebmx.com\/nota\/wp-content\/uploads\/2017\/02\/2ec937dd-0caf-4afe-96e8-044ecf134a03-300x168.jpeg 300w, https:\/\/radiowebmx.com\/nota\/wp-content\/uploads\/2017\/02\/2ec937dd-0caf-4afe-96e8-044ecf134a03-284x158.jpeg 284w, https:\/\/radiowebmx.com\/nota\/wp-content\/uploads\/2017\/02\/2ec937dd-0caf-4afe-96e8-044ecf134a03-128x72.jpeg 128w\" sizes=\"auto, (max-width: 709px) 100vw, 709px\" \/><\/p>\n<p>&nbsp;<\/p>\n<p>La Secretar\u00eda de Desarrollo Metropolitano e Infraestructura comenz\u00f3 los trabajos previos al reencarpetamiento de los carriles de circulaci\u00f3n de las laterales de la Avenida Camelinas, con lo cual, esta importante arteria de la capital de Michoac\u00e1n ser\u00e1 mejorada.<\/p>\n<p>Estos trabajos se desarrollar\u00e1n sobre la citada avenida, desde la calle Sebasti\u00e1n Arteaga hasta la Avenida Enrique Ram\u00edrez, por este motivo, se solicita la comprensi\u00f3n de la ciudadan\u00eda por los cortes a la circulaci\u00f3n que se presenten.<\/p>\n<p>Al respecto, el Secretario de Desarrollo Metropolitano e Infraestructura, Juan Fernando Sosa Tapia, indic\u00f3 que esta obra beneficiar\u00e1 a miles de personas que a diario transitan por el lugar.<\/p>\n<p>\u201cEs una avenida que conecta a una zona comercial importante de la capital de Michoac\u00e1n y de tr\u00e1fico constante para las personas que viven en las diferentes colonias que hay en el lugar, por ello la trascendencia de contar con vialidades en buen estado que faciliten el traslado de los morelianos y permitan el desarrollo econ\u00f3mico\u201d, subray\u00f3.<\/p>\n<p>De esa forma, el Gobierno Municipal contin\u00faa en el mantenimiento de vialidades que permitan resolver las necesidades de movilidad de la ciudadan\u00eda, asimismo, fomenten la seguridad de los peatones.<\/p>\n","protected":false},"excerpt":{"rendered":"<p>La Secretar\u00eda de Desarrollo Metropolitano e Infraestructura comenz\u00f3 los trabajos previos al reencarpetamiento de los carriles de circulaci\u00f3n de las laterales de la Avenida Camelinas, con lo cual, esta importante arteria de la capital de Michoac\u00e1n ser\u00e1 mejorada.<\/p>\n","protected":false},"author":1,"featured_media":30742,"comment_status":"open","ping_status":"open","sticky":false,"template":"","format":"standard","meta":{"footnotes":""},"categories":[14,9],"tags":[],"class_list":["post-30741","post","type-post","status-publish","format-standard","has-post-thumbnail","hentry","category-destacadas","category-morelia"],"_links":{"self":[{"href":"https:\/\/radiowebmx.com\/nota\/wp-json\/wp\/v2\/posts\/30741","targetHints":{"allow":["GET"]}}],"collection":[{"href":"https:\/\/radiowebmx.com\/nota\/wp-json\/wp\/v2\/posts"}],"about":[{"href":"https:\/\/radiowebmx.com\/nota\/wp-json\/wp\/v2\/types\/post"}],"author":[{"embeddable":true,"href":"https:\/\/radiowebmx.com\/nota\/wp-json\/wp\/v2\/users\/1"}],"replies":[{"embeddable":true,"href":"https:\/\/radiowebmx.com\/nota\/wp-json\/wp\/v2\/comments?post=30741"}],"version-history":[{"count":1,"href":"https:\/\/radiowebmx.com\/nota\/wp-json\/wp\/v2\/posts\/30741\/revisions"}],"predecessor-version":[{"id":30743,"href":"https:\/\/radiowebmx.com\/nota\/wp-json\/wp\/v2\/posts\/30741\/revisions\/30743"}],"wp:featuredmedia":[{"embeddable":true,"href":"https:\/\/radiowebmx.com\/nota\/wp-json\/wp\/v2\/media\/30742"}],"wp:attachment":[{"href":"https:\/\/radiowebmx.com\/nota\/wp-json\/wp\/v2\/media?parent=30741"}],"wp:term":[{"taxonomy":"category","embeddable":true,"href":"https:\/\/radiowebmx.com\/nota\/wp-json\/wp\/v2\/categories?post=30741"},{"taxonomy":"post_tag","embeddable":true,"href":"https:\/\/radiowebmx.com\/nota\/wp-json\/wp\/v2\/tags?post=30741"}],"curies":[{"name":"wp","href":"https:\/\/api.w.org\/{rel}","templated":true}]}}