{"id":30738,"date":"2017-02-02T10:57:17","date_gmt":"2017-02-02T16:57:17","guid":{"rendered":"https:\/\/radiowebmx.com\/nota\/?p=30738"},"modified":"2017-02-02T10:57:17","modified_gmt":"2017-02-02T16:57:17","slug":"arranca-ayuntamiento-el-curso-anual-de-natacion-2017","status":"publish","type":"post","link":"https:\/\/radiowebmx.com\/nota\/arranca-ayuntamiento-el-curso-anual-de-natacion-2017\/","title":{"rendered":"Arranca Ayuntamiento el Curso Anual de Nataci\u00f3n 2017"},"content":{"rendered":"<p><img loading=\"lazy\" decoding=\"async\" class=\"alignleft size-full wp-image-30739\" src=\"https:\/\/radiowebmx.com\/nota\/wp-content\/uploads\/2017\/02\/7d442a15-cd8d-4eaf-afa0-c55efcc6d80c.jpg\" alt=\"7d442a15-cd8d-4eaf-afa0-c55efcc6d80c\" width=\"709\" height=\"472\" srcset=\"https:\/\/radiowebmx.com\/nota\/wp-content\/uploads\/2017\/02\/7d442a15-cd8d-4eaf-afa0-c55efcc6d80c.jpg 709w, https:\/\/radiowebmx.com\/nota\/wp-content\/uploads\/2017\/02\/7d442a15-cd8d-4eaf-afa0-c55efcc6d80c-300x200.jpg 300w\" sizes=\"auto, (max-width: 709px) 100vw, 709px\" \/><\/p>\n<p>&nbsp;<\/p>\n<p>Con una calurosa bienvenida realizada por el Director General del Instituto Municipal de Cultura F\u00edsica y Deporte, Gustavo Ju\u00e1rez Bedolla, en representaci\u00f3n del Alcalde Independiente, Alfonso Mart\u00ednez Alc\u00e1zar, se dio arranque de forma oficial con el Curso Anual de Nataci\u00f3n 2017 en los complejos acu\u00e1ticos administrados por el Ayuntamiento de Morelia<\/p>\n<p>El Jefe de la Comuna Moreliana, Alfonso Mart\u00ednez Alc\u00e1zar, por medio del IMDE, ha trabajado por hacer de la nataci\u00f3n un deporte al alcance de todos, lo cual se ha materializado por medio de los cuatro espacios acu\u00e1ticos mediante costos accesibles y para prueba est\u00e1n los m\u00e1s de 5 mil usuarios registrados para el comienzo de actividades.<\/p>\n<p>El Complejo Acu\u00e1tico \u201cMedallistas Paral\u00edmpicos\u201d de la Unidad Deportiva Morelos-Indeco, fue el escenario en el que el Director General del IMDE, Gustavo Ju\u00e1rez Bedolla, mediante una sencilla ceremonia, dio la bienvenida a los usuarios.<\/p>\n<p>\u201cEstamos muy contentos de que haya confiado en nosotros para desarrollar esta actividad que es una de las m\u00e1s completas, nuestro Alcalde, Alfonso Mart\u00ednez Alc\u00e1zar, ha manifestado en numerosas ocasiones que debemos de acercar a la sociedad al deporte y la nataci\u00f3n como una forma eficaz y ahora tambi\u00e9n accesible de alcanzar esa meta\u201d, manifest\u00f3 Gustavo Ju\u00e1rez Bedolla.<\/p>\n<p>El Curso Anual de Nataci\u00f3n 2017, cuenta hasta el momento con un registro de m\u00e1s de 5 mil usuarios, en los Complejos Acu\u00e1ticos \u201cMedallistas Paral\u00edmpicos\u201d, Morelos Indeco, Bicentenario y Villa Magna, n\u00famero que se espera incremente para el mes de marzo con la llegada de la primavera.<\/p>\n<p>Los inscritos ser\u00e1n divididos en los niveles de Principiantes, Intermedios y Avanzados, tambi\u00e9n en base a la modalidad elegida, es decir, curso regular, matronataci\u00f3n, aquazumba, deporte adaptado y seleccionados.<\/p>\n<p>Las categor\u00edas que se incluyeron para la convocatoria de este a\u00f1o son: mini infantil, infantil, adultos, personas de la tercera edad y deporte adaptado.<\/p>\n<p>Adem\u00e1s, el titular del deporte en la capital michoacana aprovech\u00f3 para refrendar su compromiso con los usuarios por mantener en buenas condiciones todos los complejos.<\/p>\n<p>\u201cQuiero asegurarles que en el IMDE\u00a0 nuestro compromiso con ustedes es muy grande, queremos que est\u00e9n conformes con las condiciones que aqu\u00ed ofrecemos y por eso existe una voluntad muy fuerte por mantener nuestros 4 complejos en excelente estado, por lo cual seguimos trabajando en la rehabilitaci\u00f3n de los mismos\u201d, se\u00f1al\u00f3 Ju\u00e1rez Bedolla.<\/p>\n<p>Para operar las clases de forma regular, el Instituto cuenta con una plantilla de 48 instructores los cuales en \u00faltimas semanas fueron ampliamente capacitados de forma te\u00f3rica y pr\u00e1ctica.<\/p>\n<p>Los horarios de funci\u00f3n de las albercas son los ya conocidos, de lunes a viernes de 06:00 a 22:00 horas, mientras que los s\u00e1bados ser\u00e1 de 06:00 a 13:00 horas y los domingos est\u00e1n fuera de servicio para el tratamiento del agua.<\/p>\n<p>Pese a que el curso como tal ya inici\u00f3, el periodo de inscripciones se mantendr\u00e1 abierto, por lo cual se extendi\u00f3 una invitaci\u00f3n a toda la sociedad para que conozca y participe en las piscinas del Ayuntamiento capitalino.<\/p>\n","protected":false},"excerpt":{"rendered":"<p>Con una calurosa bienvenida realizada por el Director General del Instituto Municipal de Cultura F\u00edsica y Deporte, Gustavo Ju\u00e1rez Bedolla, en representaci\u00f3n del Alcalde Independiente, Alfonso Mart\u00ednez Alc\u00e1zar, se dio arranque de forma oficial con el Curso Anual de Nataci\u00f3n 2017 en los complejos acu\u00e1ticos administrados por el Ayuntamiento de Morelia<\/p>\n","protected":false},"author":1,"featured_media":30739,"comment_status":"open","ping_status":"open","sticky":false,"template":"","format":"standard","meta":{"footnotes":""},"categories":[14,9],"tags":[],"class_list":["post-30738","post","type-post","status-publish","format-standard","has-post-thumbnail","hentry","category-destacadas","category-morelia"],"_links":{"self":[{"href":"https:\/\/radiowebmx.com\/nota\/wp-json\/wp\/v2\/posts\/30738","targetHints":{"allow":["GET"]}}],"collection":[{"href":"https:\/\/radiowebmx.com\/nota\/wp-json\/wp\/v2\/posts"}],"about":[{"href":"https:\/\/radiowebmx.com\/nota\/wp-json\/wp\/v2\/types\/post"}],"author":[{"embeddable":true,"href":"https:\/\/radiowebmx.com\/nota\/wp-json\/wp\/v2\/users\/1"}],"replies":[{"embeddable":true,"href":"https:\/\/radiowebmx.com\/nota\/wp-json\/wp\/v2\/comments?post=30738"}],"version-history":[{"count":1,"href":"https:\/\/radiowebmx.com\/nota\/wp-json\/wp\/v2\/posts\/30738\/revisions"}],"predecessor-version":[{"id":30740,"href":"https:\/\/radiowebmx.com\/nota\/wp-json\/wp\/v2\/posts\/30738\/revisions\/30740"}],"wp:featuredmedia":[{"embeddable":true,"href":"https:\/\/radiowebmx.com\/nota\/wp-json\/wp\/v2\/media\/30739"}],"wp:attachment":[{"href":"https:\/\/radiowebmx.com\/nota\/wp-json\/wp\/v2\/media?parent=30738"}],"wp:term":[{"taxonomy":"category","embeddable":true,"href":"https:\/\/radiowebmx.com\/nota\/wp-json\/wp\/v2\/categories?post=30738"},{"taxonomy":"post_tag","embeddable":true,"href":"https:\/\/radiowebmx.com\/nota\/wp-json\/wp\/v2\/tags?post=30738"}],"curies":[{"name":"wp","href":"https:\/\/api.w.org\/{rel}","templated":true}]}}