{"id":30669,"date":"2017-02-01T10:30:32","date_gmt":"2017-02-01T16:30:32","guid":{"rendered":"https:\/\/radiowebmx.com\/nota\/?p=30669"},"modified":"2017-02-01T10:30:32","modified_gmt":"2017-02-01T16:30:32","slug":"realiza-pri-estatal-sesion-ordinaria-del-consejo-politico-estatal","status":"publish","type":"post","link":"https:\/\/radiowebmx.com\/nota\/realiza-pri-estatal-sesion-ordinaria-del-consejo-politico-estatal\/","title":{"rendered":"REALIZA PRI ESTATAL SESI\u00d3N ORDINARIA DEL CONSEJO POL\u00cdTICO ESTATAL"},"content":{"rendered":"<p><img loading=\"lazy\" decoding=\"async\" class=\"alignleft size-full wp-image-30670\" src=\"https:\/\/radiowebmx.com\/nota\/wp-content\/uploads\/2017\/02\/IMG_6667.jpg\" alt=\"IMG_6667\" width=\"591\" height=\"371\" srcset=\"https:\/\/radiowebmx.com\/nota\/wp-content\/uploads\/2017\/02\/IMG_6667.jpg 591w, https:\/\/radiowebmx.com\/nota\/wp-content\/uploads\/2017\/02\/IMG_6667-300x188.jpg 300w\" sizes=\"auto, (max-width: 591px) 100vw, 591px\" \/>V\u00edctor Silva Tejeda, Presidente del CDE del PRI en Michoac\u00e1n y del Consejo Pol\u00edtico Estatal, llam\u00f3 a la reflexi\u00f3n a los consejeros priistas, para trazar una ruta de trabajo en este 2017.<\/p>\n<p>&nbsp;<\/p>\n<p>&#8220;Tenemos la posibilidad de reflexionar qui\u00e9nes somos y a d\u00f3nde podemos ir. Debemos estar m\u00e1s unidos que nunca, no s\u00f3lo en el partido, en todo M\u00e9xico, para poder enfrentar los retos que vivimos en la actualidad, retos de soberan\u00eda y respeto entre naciones&#8221;, expres\u00f3.<\/p>\n<p>&nbsp;<\/p>\n<p>En sesi\u00f3n ordinaria del Consejo Pol\u00edtico Estatal present\u00f3 los informes de trabajo y financieros correspondientes al 2016, del CDE. Se destac\u00f3 la renovaci\u00f3n y reestructuraci\u00f3n del partido, se emitieron las convocatorias para renovar los consejos pol\u00edticos municipales para el periodo 2016-2019, y en 99 de los 113 municipios ya se tom\u00f3 protesta a los nuevos consejeros pol\u00edticos.<\/p>\n<p>&nbsp;<\/p>\n<p>Adem\u00e1s, resalt\u00f3 que se realizaron reuniones regionales con los 113 comit\u00e9s directivos municipales con el objetivo de conocer la problem\u00e1tica de cada uno de ellos.<\/p>\n<p>&nbsp;<\/p>\n<p>Silva Tejeda destac\u00f3 el acompa\u00f1amiento del l\u00edder nacional, Enrique Ochoa Reza y afirm\u00f3 que la dirigencia del partido sostuvo reuniones con diputados federales y locales, manteniendo permanente comunicaci\u00f3n.<\/p>\n<p>&nbsp;<\/p>\n<p>A su vez, se fortaleci\u00f3 la coordinaci\u00f3n con sectores y organizaciones del CDE.<\/p>\n<p>&nbsp;<\/p>\n<p>Con la finalidad de fortalecer la gesti\u00f3n de las y los regidores emanados del tricolor, se llevaron a cabo reuniones, en coordinaci\u00f3n con la Asociaci\u00f3n Michoacana de Municipios del PRI, para orientaci\u00f3n de propuestas para el desarrollo municipal. De igual manera, el Instituto Michoacano de Acceso a la Informaci\u00f3n imparti\u00f3 varios cursos de capacitaci\u00f3n a integrantes del CDE y se dio respuesta en tiempo y forma a 33 solicitudes de acceso a la informaci\u00f3n; y se constituy\u00f3 el Comit\u00e9 de Transparencia.<\/p>\n","protected":false},"excerpt":{"rendered":"<p>V\u00edctor Silva Tejeda, Presidente del CDE del PRI en Michoac\u00e1n y del Consejo Pol\u00edtico Estatal, llam\u00f3 a la reflexi\u00f3n a los consejeros priistas, para trazar una ruta de trabajo en este 2017.<\/p>\n","protected":false},"author":1,"featured_media":30670,"comment_status":"open","ping_status":"open","sticky":false,"template":"","format":"standard","meta":{"footnotes":""},"categories":[14,11,12],"tags":[],"class_list":["post-30669","post","type-post","status-publish","format-standard","has-post-thumbnail","hentry","category-destacadas","category-partidos-politicos","category-pri"],"_links":{"self":[{"href":"https:\/\/radiowebmx.com\/nota\/wp-json\/wp\/v2\/posts\/30669","targetHints":{"allow":["GET"]}}],"collection":[{"href":"https:\/\/radiowebmx.com\/nota\/wp-json\/wp\/v2\/posts"}],"about":[{"href":"https:\/\/radiowebmx.com\/nota\/wp-json\/wp\/v2\/types\/post"}],"author":[{"embeddable":true,"href":"https:\/\/radiowebmx.com\/nota\/wp-json\/wp\/v2\/users\/1"}],"replies":[{"embeddable":true,"href":"https:\/\/radiowebmx.com\/nota\/wp-json\/wp\/v2\/comments?post=30669"}],"version-history":[{"count":1,"href":"https:\/\/radiowebmx.com\/nota\/wp-json\/wp\/v2\/posts\/30669\/revisions"}],"predecessor-version":[{"id":30671,"href":"https:\/\/radiowebmx.com\/nota\/wp-json\/wp\/v2\/posts\/30669\/revisions\/30671"}],"wp:featuredmedia":[{"embeddable":true,"href":"https:\/\/radiowebmx.com\/nota\/wp-json\/wp\/v2\/media\/30670"}],"wp:attachment":[{"href":"https:\/\/radiowebmx.com\/nota\/wp-json\/wp\/v2\/media?parent=30669"}],"wp:term":[{"taxonomy":"category","embeddable":true,"href":"https:\/\/radiowebmx.com\/nota\/wp-json\/wp\/v2\/categories?post=30669"},{"taxonomy":"post_tag","embeddable":true,"href":"https:\/\/radiowebmx.com\/nota\/wp-json\/wp\/v2\/tags?post=30669"}],"curies":[{"name":"wp","href":"https:\/\/api.w.org\/{rel}","templated":true}]}}