{"id":30658,"date":"2017-01-31T12:45:42","date_gmt":"2017-01-31T18:45:42","guid":{"rendered":"https:\/\/radiowebmx.com\/nota\/?p=30658"},"modified":"2017-01-31T12:45:42","modified_gmt":"2017-01-31T18:45:42","slug":"en-comisiones-se-aprueba-dictamen-proteccion-a-los-adolescentes-nalleli-pedraza","status":"publish","type":"post","link":"https:\/\/radiowebmx.com\/nota\/en-comisiones-se-aprueba-dictamen-proteccion-a-los-adolescentes-nalleli-pedraza\/","title":{"rendered":"En comisiones se aprueba dictamen protecci\u00f3n a los adolescentes: Nalleli Pedraza"},"content":{"rendered":"<p><img loading=\"lazy\" decoding=\"async\" src=\"https:\/\/radiowebmx.com\/nota\/wp-content\/uploads\/2017\/01\/thumbnail_COMUNICADO-113.jpg\" alt=\"thumbnail_COMUNICADO 113\" width=\"709\" height=\"880\" class=\"alignleft size-full wp-image-30659\" srcset=\"https:\/\/radiowebmx.com\/nota\/wp-content\/uploads\/2017\/01\/thumbnail_COMUNICADO-113.jpg 709w, https:\/\/radiowebmx.com\/nota\/wp-content\/uploads\/2017\/01\/thumbnail_COMUNICADO-113-242x300.jpg 242w\" sizes=\"auto, (max-width: 709px) 100vw, 709px\" \/><\/p>\n<p>Morelia; Michoac\u00e1n a 30 de Enero del 2017.- Con la finalidad de fortalecer y consolidar los ordenamientos jur\u00eddicos  en materia de derechos humanos en favor de los adolescentes, en comisiones se dictamin\u00f3 la iniciativa con proyecto de decreto mediante la cual se reforman los art\u00edculos 75 y 77 de la Ley de la Comisi\u00f3n Estatal de los Derechos Humanos de Michoac\u00e1n, inform\u00f3 la diputada Nalleli Pedraza Huerta.<\/p>\n<p>La Diputada presidenta de la Comisi\u00f3n de Derechos Humanos en la LXXIII Legislatura Local, dio a conocer que en la reuni\u00f3n de comisiones del viernes pasado se firm\u00f3 dicho dictamen, con el objetivo de hacer valer lo establecido en nuestra Carta Magna y tratados internacionales que M\u00e9xico ha suscrito relacionados con los derechos de los j\u00f3venes.<\/p>\n<p>Nalleli Pedraza consider\u00f3 fundamental la iniciativa presentada por la diputada X\u00f3chitl Gabriela Ruiz, la cual ha sido estudiada y analizada en comisiones, en donde se coincidi\u00f3 en la necesidad de armonizar las legislaciones, ya que resulta indispensable en la pr\u00e1ctica, toda vez que actualmente existe un vac\u00edo en la ley al no se\u00f1alarse a los adolescentes como grupos vulnerables.<\/p>\n<p>Por ello, se dictamin\u00f3 a favor de reformar los art\u00edculos 75 y 77 de la Ley de la Comisi\u00f3n Estatal de los Derechos Humanos de Michoac\u00e1n y establecer en el art\u00edculo 75 \u201cestos grupos se integran, de manera explicativa m\u00e1s no limitativa en: ni\u00f1as y ni\u00f1os y adolescentes\u201d.<\/p>\n<p>En tanto que el art\u00edculo 77 se establece \u201cla Subcoordinacio\u0301n para la Atenci\u00f3n a Grupos en Situaci\u00f3n de Vulnerabilidad, tendr\u00e1 las siguientes atribuciones: estudiar y evaluar el desarrollo en la sociedad de las pol\u00edticas y medidas que afecten a los grupos en situaci\u00f3n de vulnerabilidad, para el respeto y protecci\u00f3n de sus derechos humanos\u201d.<\/p>\n<p>Cabe se\u00f1alar que dicho dictamen ser\u00e1 turnado al pleno para su votaci\u00f3n en la siguiente sesi\u00f3n ordinaria, para que el mismo sea discutido y votado por los integrantes de la LXXIII Legislatura.<\/p>\n","protected":false},"excerpt":{"rendered":"<p>Con la finalidad de fortalecer y consolidar los ordenamientos jur\u00eddicos  en materia de derechos humanos en favor de los adolescentes, en comisiones se dictamin\u00f3 la iniciativa con proyecto de decreto mediante la cual se reforman los art\u00edculos 75 y 77 de la Ley de la Comisi\u00f3n Estatal de los Derechos Humanos de Michoac\u00e1n, inform\u00f3 la diputada Nalleli Pedraza Huerta.<\/p>\n","protected":false},"author":1,"featured_media":30659,"comment_status":"open","ping_status":"open","sticky":false,"template":"","format":"standard","meta":{"footnotes":""},"categories":[6,14,19],"tags":[],"class_list":["post-30658","post","type-post","status-publish","format-standard","has-post-thumbnail","hentry","category-congreso-del-estado","category-destacadas","category-grupo-parlamentario-del-prd"],"_links":{"self":[{"href":"https:\/\/radiowebmx.com\/nota\/wp-json\/wp\/v2\/posts\/30658","targetHints":{"allow":["GET"]}}],"collection":[{"href":"https:\/\/radiowebmx.com\/nota\/wp-json\/wp\/v2\/posts"}],"about":[{"href":"https:\/\/radiowebmx.com\/nota\/wp-json\/wp\/v2\/types\/post"}],"author":[{"embeddable":true,"href":"https:\/\/radiowebmx.com\/nota\/wp-json\/wp\/v2\/users\/1"}],"replies":[{"embeddable":true,"href":"https:\/\/radiowebmx.com\/nota\/wp-json\/wp\/v2\/comments?post=30658"}],"version-history":[{"count":1,"href":"https:\/\/radiowebmx.com\/nota\/wp-json\/wp\/v2\/posts\/30658\/revisions"}],"predecessor-version":[{"id":30660,"href":"https:\/\/radiowebmx.com\/nota\/wp-json\/wp\/v2\/posts\/30658\/revisions\/30660"}],"wp:featuredmedia":[{"embeddable":true,"href":"https:\/\/radiowebmx.com\/nota\/wp-json\/wp\/v2\/media\/30659"}],"wp:attachment":[{"href":"https:\/\/radiowebmx.com\/nota\/wp-json\/wp\/v2\/media?parent=30658"}],"wp:term":[{"taxonomy":"category","embeddable":true,"href":"https:\/\/radiowebmx.com\/nota\/wp-json\/wp\/v2\/categories?post=30658"},{"taxonomy":"post_tag","embeddable":true,"href":"https:\/\/radiowebmx.com\/nota\/wp-json\/wp\/v2\/tags?post=30658"}],"curies":[{"name":"wp","href":"https:\/\/api.w.org\/{rel}","templated":true}]}}