{"id":30655,"date":"2017-01-31T12:33:57","date_gmt":"2017-01-31T18:33:57","guid":{"rendered":"https:\/\/radiowebmx.com\/nota\/?p=30655"},"modified":"2017-01-31T12:33:57","modified_gmt":"2017-01-31T18:33:57","slug":"carlos-quintana-llama-a-shcp-a-reconsiderar-nuevo-gasolinazo","status":"publish","type":"post","link":"https:\/\/radiowebmx.com\/nota\/carlos-quintana-llama-a-shcp-a-reconsiderar-nuevo-gasolinazo\/","title":{"rendered":"Carlos Quintana llama a SHCP a reconsiderar nuevo \u2018gasolinazo\u2019"},"content":{"rendered":"<p><img loading=\"lazy\" decoding=\"async\" src=\"https:\/\/radiowebmx.com\/nota\/wp-content\/uploads\/2017\/01\/thumbnail_Comunicado-110.jpg\" alt=\"thumbnail_Comunicado 110\" width=\"709\" height=\"430\" class=\"alignleft size-full wp-image-30656\" srcset=\"https:\/\/radiowebmx.com\/nota\/wp-content\/uploads\/2017\/01\/thumbnail_Comunicado-110.jpg 709w, https:\/\/radiowebmx.com\/nota\/wp-content\/uploads\/2017\/01\/thumbnail_Comunicado-110-300x182.jpg 300w\" sizes=\"auto, (max-width: 709px) 100vw, 709px\" \/><\/p>\n<p>Morelia; Michoac\u00e1n, 30 de enero de 2017.-  El coordinador parlamentario del Partido Acci\u00f3n Nacional (PAN) en Michoac\u00e1n, Carlos Quintana Mart\u00ednez, exhort\u00f3 a la Secretar\u00eda de Hacienda y Cr\u00e9dito P\u00fablico (SHCP) a reconsiderar el nuevo aumento a gasolinas que est\u00e1 programado para el mes de febrero.<\/p>\n<p>Ante el incremento de los precios del combustible que se dio a partir del 1 de enero de 2017, el diputado moreliano hizo un llamado a las autoridades federales a explorar otras opciones alternas al llamado \u201cgasolinazo\u201d, e incluso, dar marcha atr\u00e1s al elevado costo actual, con la reducci\u00f3n del 50 por ciento al Impuesto Especial a Productos y Servicios (IEPS) que est\u00e1 proponiendo el PAN a nivel nacional.<\/p>\n<p>El legislador michoacano refiri\u00f3 que se deben reconsiderar las pol\u00edticas econ\u00f3micas llevadas a cabo por el Gobierno Federal, lo cual est\u00e1 exigiendo la ciudadan\u00eda con las constantes manifestaciones que se han venido dando en todo el pa\u00eds, \u201cy a lo cual nos sumamos los diputados del PAN\u201d.<\/p>\n<p>Y es que, el l\u00edder panista en el Congreso del Estado se\u00f1al\u00f3 que \u201clas malas decisiones, como el aumento en el precio a las gasolinas, son responsabilidad del Gobierno. Para revertirlas, el PAN no dejar\u00e1 de impulsar propuestas en materia econ\u00f3mica como lo ha estado realizando a nivel nacional, a fin de beneficiar a las familias michoacanas, al igual que al resto de familias mexicanas\u201d.<\/p>\n<p>Derivado de ello, Quintana Mart\u00ednez consider\u00f3 que la molestia social que ha generado el Gobierno Federal por sus malas decisiones ha afectado en la imagen que los ciudadanos tienen de la clase pol\u00edtica y, en general, ha provocado una grave crisis institucional, \u201cpor lo que los diputados del PAN en Michoac\u00e1n estamos alistando diversas iniciativas que dar\u00e1n continuidad a las presentadas en 2016 en torno a una mayor transparencia y a un combate decidido y de frente a la corrupci\u00f3n, como nuestra propuesta para eliminar el fuero\u201d.<\/p>\n","protected":false},"excerpt":{"rendered":"<p>El coordinador parlamentario del Partido Acci\u00f3n Nacional (PAN) en Michoac\u00e1n, Carlos Quintana Mart\u00ednez, exhort\u00f3 a la Secretar\u00eda de Hacienda y Cr\u00e9dito P\u00fablico (SHCP) a reconsiderar el nuevo aumento a gasolinas que est\u00e1 programado para el mes de febrero.<\/p>\n","protected":false},"author":1,"featured_media":30656,"comment_status":"open","ping_status":"open","sticky":false,"template":"","format":"standard","meta":{"footnotes":""},"categories":[6,14,8],"tags":[],"class_list":["post-30655","post","type-post","status-publish","format-standard","has-post-thumbnail","hentry","category-congreso-del-estado","category-destacadas","category-grupo-parlamentario-del-pan"],"_links":{"self":[{"href":"https:\/\/radiowebmx.com\/nota\/wp-json\/wp\/v2\/posts\/30655","targetHints":{"allow":["GET"]}}],"collection":[{"href":"https:\/\/radiowebmx.com\/nota\/wp-json\/wp\/v2\/posts"}],"about":[{"href":"https:\/\/radiowebmx.com\/nota\/wp-json\/wp\/v2\/types\/post"}],"author":[{"embeddable":true,"href":"https:\/\/radiowebmx.com\/nota\/wp-json\/wp\/v2\/users\/1"}],"replies":[{"embeddable":true,"href":"https:\/\/radiowebmx.com\/nota\/wp-json\/wp\/v2\/comments?post=30655"}],"version-history":[{"count":1,"href":"https:\/\/radiowebmx.com\/nota\/wp-json\/wp\/v2\/posts\/30655\/revisions"}],"predecessor-version":[{"id":30657,"href":"https:\/\/radiowebmx.com\/nota\/wp-json\/wp\/v2\/posts\/30655\/revisions\/30657"}],"wp:featuredmedia":[{"embeddable":true,"href":"https:\/\/radiowebmx.com\/nota\/wp-json\/wp\/v2\/media\/30656"}],"wp:attachment":[{"href":"https:\/\/radiowebmx.com\/nota\/wp-json\/wp\/v2\/media?parent=30655"}],"wp:term":[{"taxonomy":"category","embeddable":true,"href":"https:\/\/radiowebmx.com\/nota\/wp-json\/wp\/v2\/categories?post=30655"},{"taxonomy":"post_tag","embeddable":true,"href":"https:\/\/radiowebmx.com\/nota\/wp-json\/wp\/v2\/tags?post=30655"}],"curies":[{"name":"wp","href":"https:\/\/api.w.org\/{rel}","templated":true}]}}