{"id":30645,"date":"2017-01-31T11:34:21","date_gmt":"2017-01-31T17:34:21","guid":{"rendered":"https:\/\/radiowebmx.com\/nota\/?p=30645"},"modified":"2017-01-31T11:34:21","modified_gmt":"2017-01-31T17:34:21","slug":"el-telabachillerato-michoacan-comprometido-con-el-crecimiento-de-sus-docentes","status":"publish","type":"post","link":"https:\/\/radiowebmx.com\/nota\/el-telabachillerato-michoacan-comprometido-con-el-crecimiento-de-sus-docentes\/","title":{"rendered":"El Telabachillerato Michoac\u00e1n, comprometido con el crecimiento de sus docentes"},"content":{"rendered":"<p><img loading=\"lazy\" decoding=\"async\" src=\"https:\/\/radiowebmx.com\/nota\/wp-content\/uploads\/2017\/01\/106d210d-72d4-41ff-9532-fea39e0e2dc0.jpg\" alt=\"106d210d-72d4-41ff-9532-fea39e0e2dc0\" width=\"709\" height=\"531\" class=\"alignleft size-full wp-image-30646\" srcset=\"https:\/\/radiowebmx.com\/nota\/wp-content\/uploads\/2017\/01\/106d210d-72d4-41ff-9532-fea39e0e2dc0.jpg 709w, https:\/\/radiowebmx.com\/nota\/wp-content\/uploads\/2017\/01\/106d210d-72d4-41ff-9532-fea39e0e2dc0-300x225.jpg 300w\" sizes=\"auto, (max-width: 709px) 100vw, 709px\" \/><\/p>\n<p>Morelia, Michoac\u00e1n, a 31 de enero de 2017.- Como muestra de su compromiso con la calidad educativa, el Telebachillerato Michoac\u00e1n realiz\u00f3 el curso de capacitaci\u00f3n a docentes denominado \u201cEstrategias Productivas para el Desarrollo\u201d, que cont\u00f3 con la participaci\u00f3n de catedr\u00e1ticos e investigadores de la Universidad Michoacana de San Nicol\u00e1s de Hidalgo (UMSNH).<\/p>\n<p>En la clausura del curso, el director general del subsistema, Francisco Mora Cipr\u00e9s, destac\u00f3 la importancia de fomentar la capacitaci\u00f3n para romper paradigmas e impulsar proyectos productivos en los planteles del Telebachillerato.<\/p>\n<p>En este sentido, llam\u00f3 a formular ideas concretas que propicien el crecimiento personal y profesional de las y los michoacanos.<\/p>\n<p>El curso de capacitaci\u00f3n tuvo una duraci\u00f3n de dos d\u00edas, en los que se expusieron diversos t\u00f3picos enfocados a las \u00e1reas de econ\u00f3mico-administrativo, sociales, f\u00edsico-matem\u00e1tico y qu\u00edmico-biol\u00f3gico, con el objetivo de cubrir todos los aspectos necesarios para un mejor desempe\u00f1o de los docentes.<\/p>\n","protected":false},"excerpt":{"rendered":"<p>Como muestra de su compromiso con la calidad educativa, el Telebachillerato Michoac\u00e1n realiz\u00f3 el curso de capacitaci\u00f3n a docentes denominado \u201cEstrategias Productivas para el Desarrollo\u201d, que cont\u00f3 con la participaci\u00f3n de catedr\u00e1ticos e investigadores de la Universidad Michoacana de San Nicol\u00e1s de Hidalgo (UMSNH).<\/p>\n","protected":false},"author":1,"featured_media":30646,"comment_status":"open","ping_status":"open","sticky":false,"template":"","format":"standard","meta":{"footnotes":""},"categories":[14,3],"tags":[],"class_list":["post-30645","post","type-post","status-publish","format-standard","has-post-thumbnail","hentry","category-destacadas","category-gobierno-del-estado-de-michoacan"],"_links":{"self":[{"href":"https:\/\/radiowebmx.com\/nota\/wp-json\/wp\/v2\/posts\/30645","targetHints":{"allow":["GET"]}}],"collection":[{"href":"https:\/\/radiowebmx.com\/nota\/wp-json\/wp\/v2\/posts"}],"about":[{"href":"https:\/\/radiowebmx.com\/nota\/wp-json\/wp\/v2\/types\/post"}],"author":[{"embeddable":true,"href":"https:\/\/radiowebmx.com\/nota\/wp-json\/wp\/v2\/users\/1"}],"replies":[{"embeddable":true,"href":"https:\/\/radiowebmx.com\/nota\/wp-json\/wp\/v2\/comments?post=30645"}],"version-history":[{"count":1,"href":"https:\/\/radiowebmx.com\/nota\/wp-json\/wp\/v2\/posts\/30645\/revisions"}],"predecessor-version":[{"id":30647,"href":"https:\/\/radiowebmx.com\/nota\/wp-json\/wp\/v2\/posts\/30645\/revisions\/30647"}],"wp:featuredmedia":[{"embeddable":true,"href":"https:\/\/radiowebmx.com\/nota\/wp-json\/wp\/v2\/media\/30646"}],"wp:attachment":[{"href":"https:\/\/radiowebmx.com\/nota\/wp-json\/wp\/v2\/media?parent=30645"}],"wp:term":[{"taxonomy":"category","embeddable":true,"href":"https:\/\/radiowebmx.com\/nota\/wp-json\/wp\/v2\/categories?post=30645"},{"taxonomy":"post_tag","embeddable":true,"href":"https:\/\/radiowebmx.com\/nota\/wp-json\/wp\/v2\/tags?post=30645"}],"curies":[{"name":"wp","href":"https:\/\/api.w.org\/{rel}","templated":true}]}}