{"id":30548,"date":"2017-01-28T11:02:00","date_gmt":"2017-01-28T17:02:00","guid":{"rendered":"https:\/\/radiowebmx.com\/nota\/?p=30548"},"modified":"2017-01-30T11:04:20","modified_gmt":"2017-01-30T17:04:20","slug":"experto-dicta-en-apatzingan-la-conferencia-por-un-michoacan-mas-seguro","status":"publish","type":"post","link":"https:\/\/radiowebmx.com\/nota\/experto-dicta-en-apatzingan-la-conferencia-por-un-michoacan-mas-seguro\/","title":{"rendered":"Experto dicta en Apatzing\u00e1n la conferencia \u201cPor un Michoac\u00e1n m\u00e1s seguro\u201d"},"content":{"rendered":"<p><img loading=\"lazy\" decoding=\"async\" src=\"https:\/\/radiowebmx.com\/nota\/wp-content\/uploads\/2017\/01\/25a5713d-372f-4799-a5c5-59330e6656b3.jpg\" alt=\"25a5713d-372f-4799-a5c5-59330e6656b3\" width=\"709\" height=\"566\" class=\"alignleft size-full wp-image-30549\" srcset=\"https:\/\/radiowebmx.com\/nota\/wp-content\/uploads\/2017\/01\/25a5713d-372f-4799-a5c5-59330e6656b3.jpg 709w, https:\/\/radiowebmx.com\/nota\/wp-content\/uploads\/2017\/01\/25a5713d-372f-4799-a5c5-59330e6656b3-300x239.jpg 300w\" sizes=\"auto, (max-width: 709px) 100vw, 709px\" \/><\/p>\n<p>Morelia, Michoac\u00e1n, a 28 de enero de 2017.- De la mano de la sociedad, el Gobierno de Estado, que encabeza Silvano Aureoles Conejo, trabaja para fortalecer la seguridad mediante una estrategia en la que la contenci\u00f3n del delito y la prevenci\u00f3n de la violencia y la delincuencia es fundamental, resalt\u00f3 \u00c1ngeles N\u00e1zares Jer\u00f3nimo, titular del Secretariado Ejecutivo del Sistema Estatal de Seguridad P\u00fablica (SESESP) al presentar la conferencia \u201cPor un Michoac\u00e1n m\u00e1s seguro\u201d, dictada el pasado viernes por David Lee Zamora.<\/p>\n<p>El experto en temas de seguridad, quien es reconocido a nivel internacional, hizo hincapi\u00e9 en la importancia de poner en marcha campa\u00f1as de difusi\u00f3n para prevenir el delito, toda vez que \u201cel 90 por ciento de nuestra seguridad obedece a la prevenci\u00f3n, el 5 por ciento a la reacci\u00f3n, y el restante a la suerte\u201d.<\/p>\n<p>Indic\u00f3 que hay una serie de aspectos que conforman un escenario id\u00f3neo en materia de seguridad personal, familiar y comunitaria: \u201cestar bien informados para tomar buenas decisiones y no caer en p\u00e1nico o miedo, pues eso paraliza y no deja ni pensar ni avanzar de manera personal ni a la sociedad en su conjunto\u201d.<\/p>\n<p>Adem\u00e1s, \u201cse tiene que llevar a cabo an\u00e1lisis de riesgo, es decir, evaluar todas aquellas situaciones de la vida diaria que se pueden convertir en amenazas, para llevar a cabo una serie de acciones para minimizar los riesgos de seguridad que hay desde el hogar\u201d.<\/p>\n<p>De igual forma, refiri\u00f3 que se deben elaborar planes de seguridad para enfrentar una crisis, que incluya medidas como c\u00f3digos de seguridad secretos, es decir, \u201cpalabras, frases y oraciones que nos van a permitir constatar la identidad de los integrantes de nuestras familias\u201d.<\/p>\n<p>Propuso tambi\u00e9n que las familias tengan cartillas de seguridad, un documento donde se plasmen datos que pueden ayudar a salir de una crisis, por ejemplo el n\u00famero de las placas de los veh\u00edculos, el tipo de sangre de los integrantes de las familias, las alergias que tengan, y todo aquella informaci\u00f3n importarte pero que no podamos recordar tan f\u00e1cilmente.<\/p>\n<p>Por otra parte, lament\u00f3 que en M\u00e9xico los ciudadanos no sean activos, sino reactivos en cuanto a la seguridad vecinal. \u201cNo hay estrategias para cuidarse entre los miembros de una misma calle o colonia; es m\u00e1s, hoy en este pa\u00eds ya no conocemos a nuestros vecinos, lo que obstaculiza tener una seguridad en la colonia, por ello la importancia de integrar una brigada y estrategia de seguridad\u201d.<\/p>\n<p>Por \u00faltimo, enfatiz\u00f3 que los ciudadanos deben constituirse como verdaderos observadores del quehacer p\u00fablico. \u201cNo saldremos adelante en materia de seguridad sino hay participaci\u00f3n ciudadana\u201d, se\u00f1al\u00f3.<\/p>\n","protected":false},"excerpt":{"rendered":"<p>De la mano de la sociedad, el Gobierno de Estado, que encabeza Silvano Aureoles Conejo, trabaja para fortalecer la seguridad mediante una estrategia en la que la contenci\u00f3n del delito y la prevenci\u00f3n de la violencia y la delincuencia es fundamental, resalt\u00f3 \u00c1ngeles N\u00e1zares Jer\u00f3nimo, titular del Secretariado Ejecutivo del Sistema Estatal de Seguridad P\u00fablica (SESESP) al presentar la conferencia \u201cPor un Michoac\u00e1n m\u00e1s seguro\u201d, dictada el pasado viernes por David Lee Zamora.<\/p>\n","protected":false},"author":1,"featured_media":30549,"comment_status":"open","ping_status":"open","sticky":false,"template":"","format":"standard","meta":{"footnotes":""},"categories":[14,3],"tags":[],"class_list":["post-30548","post","type-post","status-publish","format-standard","has-post-thumbnail","hentry","category-destacadas","category-gobierno-del-estado-de-michoacan"],"_links":{"self":[{"href":"https:\/\/radiowebmx.com\/nota\/wp-json\/wp\/v2\/posts\/30548","targetHints":{"allow":["GET"]}}],"collection":[{"href":"https:\/\/radiowebmx.com\/nota\/wp-json\/wp\/v2\/posts"}],"about":[{"href":"https:\/\/radiowebmx.com\/nota\/wp-json\/wp\/v2\/types\/post"}],"author":[{"embeddable":true,"href":"https:\/\/radiowebmx.com\/nota\/wp-json\/wp\/v2\/users\/1"}],"replies":[{"embeddable":true,"href":"https:\/\/radiowebmx.com\/nota\/wp-json\/wp\/v2\/comments?post=30548"}],"version-history":[{"count":1,"href":"https:\/\/radiowebmx.com\/nota\/wp-json\/wp\/v2\/posts\/30548\/revisions"}],"predecessor-version":[{"id":30550,"href":"https:\/\/radiowebmx.com\/nota\/wp-json\/wp\/v2\/posts\/30548\/revisions\/30550"}],"wp:featuredmedia":[{"embeddable":true,"href":"https:\/\/radiowebmx.com\/nota\/wp-json\/wp\/v2\/media\/30549"}],"wp:attachment":[{"href":"https:\/\/radiowebmx.com\/nota\/wp-json\/wp\/v2\/media?parent=30548"}],"wp:term":[{"taxonomy":"category","embeddable":true,"href":"https:\/\/radiowebmx.com\/nota\/wp-json\/wp\/v2\/categories?post=30548"},{"taxonomy":"post_tag","embeddable":true,"href":"https:\/\/radiowebmx.com\/nota\/wp-json\/wp\/v2\/tags?post=30548"}],"curies":[{"name":"wp","href":"https:\/\/api.w.org\/{rel}","templated":true}]}}