{"id":30539,"date":"2017-01-28T10:43:32","date_gmt":"2017-01-28T16:43:32","guid":{"rendered":"https:\/\/radiowebmx.com\/nota\/?p=30539"},"modified":"2017-01-30T10:45:18","modified_gmt":"2017-01-30T16:45:18","slug":"ayuntamiento-y-corett-estrechan-lazos-a-favor-de-la-certeza-patrimonial-de-los-morelianos","status":"publish","type":"post","link":"https:\/\/radiowebmx.com\/nota\/ayuntamiento-y-corett-estrechan-lazos-a-favor-de-la-certeza-patrimonial-de-los-morelianos\/","title":{"rendered":"Ayuntamiento y CORETT estrechan lazos a favor de la certeza patrimonial de los morelianos"},"content":{"rendered":"<p><img loading=\"lazy\" decoding=\"async\" src=\"https:\/\/radiowebmx.com\/nota\/wp-content\/uploads\/2017\/01\/740f8e35-f7dd-4e90-983d-5d0f534f65c5.jpg\" alt=\"740f8e35-f7dd-4e90-983d-5d0f534f65c5\" width=\"709\" height=\"562\" class=\"alignleft size-full wp-image-30540\" srcset=\"https:\/\/radiowebmx.com\/nota\/wp-content\/uploads\/2017\/01\/740f8e35-f7dd-4e90-983d-5d0f534f65c5.jpg 709w, https:\/\/radiowebmx.com\/nota\/wp-content\/uploads\/2017\/01\/740f8e35-f7dd-4e90-983d-5d0f534f65c5-300x238.jpg 300w\" sizes=\"auto, (max-width: 709px) 100vw, 709px\" \/><\/p>\n<p>El Ayuntamiento de Morelia a trav\u00e9s de la Secretar\u00eda de Desarrollo Metropolitano e Infraestructura, sostuvo una reuni\u00f3n de trabajo con el Delegado de la  Comisi\u00f3n para la Regularizaci\u00f3n de la Tenencia de la Tierra, (CORETT), Ram\u00f3n Ponce Ponce, para abordar algunos puntos relacionados con el ordenamiento de diferentes asentamientos humanos presentes en la ciudad, as\u00ed como la integraci\u00f3n de expedientes referentes al tema en el presente a\u00f1o.<\/p>\n<p>El  coordinador de la Comisi\u00f3n de Desarrollo Urbano y Obras P\u00fablicas, Jorge Tinoco Ortiz en dupla con el  integrante de la Comisi\u00f3n de Gobernaci\u00f3n, Trabajo, Seguridad P\u00fablica y Protecci\u00f3n Civil, as\u00ed como Hacienda, Financiamiento y Patrimonio, Germ\u00e1n Ireta Lino, se\u00f1al\u00f3 que actualmente los diferentes organismos instituciones y asociaciones civiles han realizado un arduo trabajo de gesti\u00f3n para el ordenamiento de su situaci\u00f3n jur\u00eddica referente a la pertenencia de un terreno.<\/p>\n<p>En este sentido, uno de los principales objetivos del Ayuntamiento de Morelia con la Delegaci\u00f3n Estatal de la CORETT, es mantener trabajo conjunto con las autoridades federales en beneficio de la poblaci\u00f3n y as\u00ed dotarla de seguridad jur\u00eddica y crear un v\u00ednculo m\u00e1s estrecho  entre las autoridades municipales, estatales y federales, para que los asentamientos humanos de la ciudad  que est\u00e9n dentro de la normativa se regularicen.<\/p>\n<p>Aunado a esto los Regidores reiteraron todo el apoyo institucional a los Delegados Federales y ofrecieron coordinaci\u00f3n en conjunto que  impulse cada vez m\u00e1s un trabajo eficiente en beneficio de la ciudadan\u00eda.<\/p>\n<p>Ireta Lino y Tinoco Ortiz  consideraron fundamental regular todos aquellas zonas poblacionales que cumplan con la normativa y visto bueno de Protecci\u00f3n Civil, debido a que esto permitir\u00e1  fomentar el desarrollo urbano de Morelia en orden  y con seguridad jur\u00eddica para los morelianos.<\/p>\n<p>A esta reuni\u00f3n, asisti\u00f3 tambi\u00e9n el secretario de Desarrollo Metropolitano e Infraestructura, Juan Fernando Sosa Tapia.<\/p>\n","protected":false},"excerpt":{"rendered":"<p>El Ayuntamiento de Morelia a trav\u00e9s de la Secretar\u00eda de Desarrollo Metropolitano e Infraestructura, sostuvo una reuni\u00f3n de trabajo con el Delegado de la  Comisi\u00f3n para la Regularizaci\u00f3n de la Tenencia de la Tierra, (CORETT), Ram\u00f3n Ponce Ponce, para abordar algunos puntos relacionados con el ordenamiento de diferentes asentamientos humanos presentes en la ciudad, as\u00ed como la integraci\u00f3n de expedientes referentes al tema en el presente a\u00f1o.<\/p>\n","protected":false},"author":1,"featured_media":30540,"comment_status":"open","ping_status":"open","sticky":false,"template":"","format":"standard","meta":{"footnotes":""},"categories":[14,3],"tags":[],"class_list":["post-30539","post","type-post","status-publish","format-standard","has-post-thumbnail","hentry","category-destacadas","category-gobierno-del-estado-de-michoacan"],"_links":{"self":[{"href":"https:\/\/radiowebmx.com\/nota\/wp-json\/wp\/v2\/posts\/30539","targetHints":{"allow":["GET"]}}],"collection":[{"href":"https:\/\/radiowebmx.com\/nota\/wp-json\/wp\/v2\/posts"}],"about":[{"href":"https:\/\/radiowebmx.com\/nota\/wp-json\/wp\/v2\/types\/post"}],"author":[{"embeddable":true,"href":"https:\/\/radiowebmx.com\/nota\/wp-json\/wp\/v2\/users\/1"}],"replies":[{"embeddable":true,"href":"https:\/\/radiowebmx.com\/nota\/wp-json\/wp\/v2\/comments?post=30539"}],"version-history":[{"count":1,"href":"https:\/\/radiowebmx.com\/nota\/wp-json\/wp\/v2\/posts\/30539\/revisions"}],"predecessor-version":[{"id":30541,"href":"https:\/\/radiowebmx.com\/nota\/wp-json\/wp\/v2\/posts\/30539\/revisions\/30541"}],"wp:featuredmedia":[{"embeddable":true,"href":"https:\/\/radiowebmx.com\/nota\/wp-json\/wp\/v2\/media\/30540"}],"wp:attachment":[{"href":"https:\/\/radiowebmx.com\/nota\/wp-json\/wp\/v2\/media?parent=30539"}],"wp:term":[{"taxonomy":"category","embeddable":true,"href":"https:\/\/radiowebmx.com\/nota\/wp-json\/wp\/v2\/categories?post=30539"},{"taxonomy":"post_tag","embeddable":true,"href":"https:\/\/radiowebmx.com\/nota\/wp-json\/wp\/v2\/tags?post=30539"}],"curies":[{"name":"wp","href":"https:\/\/api.w.org\/{rel}","templated":true}]}}