{"id":30515,"date":"2017-01-27T10:08:04","date_gmt":"2017-01-27T16:08:04","guid":{"rendered":"https:\/\/radiowebmx.com\/nota\/?p=30515"},"modified":"2017-01-30T10:20:16","modified_gmt":"2017-01-30T16:20:16","slug":"rendicion-de-cuentas-herramienta-indispensable-para-tener-gobiernos-transparentes","status":"publish","type":"post","link":"https:\/\/radiowebmx.com\/nota\/rendicion-de-cuentas-herramienta-indispensable-para-tener-gobiernos-transparentes\/","title":{"rendered":"Rendici\u00f3n de cuentas, herramienta indispensable para tener gobiernos transparentes"},"content":{"rendered":"<p><img loading=\"lazy\" decoding=\"async\" src=\"https:\/\/radiowebmx.com\/nota\/wp-content\/uploads\/2017\/01\/01c4521d-fd66-4781-a07f-dc3660d42662.jpeg\" alt=\"01c4521d-fd66-4781-a07f-dc3660d42662\" width=\"709\" height=\"472\" class=\"alignleft size-full wp-image-30516\" srcset=\"https:\/\/radiowebmx.com\/nota\/wp-content\/uploads\/2017\/01\/01c4521d-fd66-4781-a07f-dc3660d42662.jpeg 709w, https:\/\/radiowebmx.com\/nota\/wp-content\/uploads\/2017\/01\/01c4521d-fd66-4781-a07f-dc3660d42662-300x200.jpeg 300w\" sizes=\"auto, (max-width: 709px) 100vw, 709px\" \/><\/p>\n<p>Morelia, Michoac\u00e1n, a 27 de enero de 2017.- La rendici\u00f3n de cuentas es una herramienta indispensable para que los ciudadanos vigilen el actuar de las autoridades, fue la conclusi\u00f3n de la mesa Descentralizaci\u00f3n de competencias. Anticorrupci\u00f3n, transparencia y rendici\u00f3n de cuentas, realizada este viernes en el Foro Internacional &#8220;Michoac\u00e1n Gobernanza y Desarrollo Democr\u00e1tico&#8221;.<\/p>\n<p>En este marco, el coordinador del Instituto Nacional de Acceso a la Informaci\u00f3n y Protecci\u00f3n de Datos Personales, Adri\u00e1n Alcal\u00e1 M\u00e9ndez, destac\u00f3 que M\u00e9xico es de los pa\u00edses donde se tiene el mayor n\u00famero de solicitudes de acceso a la informaci\u00f3n p\u00fablica, lo que demuestra que la poblaci\u00f3n est\u00e1 interesada en conocer el actuar de las autoridades, en cuanto al ejercicio de recursos p\u00fablicos se refiere.<\/p>\n<p>En este sentido, refiri\u00f3 que para tener mejores resultados en el campo de la transparencia y rendici\u00f3n de cuentas, es necesaria la participaci\u00f3n de la ciudadan\u00eda.<\/p>\n<p>De su lado, el representante del Centro Michoacano de Evaluaci\u00f3n A.C (Cemide), Jes\u00fas Alba Aguilar, consider\u00f3 que para que existan gobiernos m\u00e1s transparentes, al frente de los \u00f3rganos fiscalizadores deben colocarse perfiles capacitados.<\/p>\n<p>De igual manera, manifest\u00f3 que gracias a las reformas constitucionales en materia de transparencia, se ha detectado opacidad de recursos en los tres \u00f3rdenes de gobierno del pa\u00eds.<\/p>\n<p>La coordinadora general acad\u00e9mica de la Facultad de Derecho de la Universidad An\u00e1huac, Er\u00e9ndira Salgado Ledesma, se\u00f1al\u00f3 que &#8220;la \u00fanica forma de corregir el mal desempe\u00f1o de las autoridades es mediante la rendici\u00f3n de cuentas, que servir\u00e1, adem\u00e1s, para recuperar la confianza de los ciudadanos&#8221;.<\/p>\n<p>En su oportunidad, la directora general del Sistema Michoacano de Radio y Televisi\u00f3n, Gabriela Molina Aguilar, expres\u00f3 que la falta de transparencia es un engranaje que alimenta al sistema de la corrupci\u00f3n.<\/p>\n<p>Ante la falta de credibilidad de la ciudadan\u00eda en las instituciones, consider\u00f3 como indispensable la implementaci\u00f3n de c\u00f3digos de \u00e9tica, tal y como sucede en otros pa\u00edses.<\/p>\n<p>El presidente del Instituto de Administraci\u00f3n P\u00fablica de Jalisco y sus Municipios, Guillermo Vallarta Plata, consider\u00f3 como fundamental la rendici\u00f3n de cuentas, pues los ciudadanos exigen que las autoridades operen de manera adecuada los recursos p\u00fablicos.<\/p>\n","protected":false},"excerpt":{"rendered":"<p>La rendici\u00f3n de cuentas es una herramienta indispensable para que los ciudadanos vigilen el actuar de las autoridades, fue la conclusi\u00f3n de la mesa Descentralizaci\u00f3n de competencias. Anticorrupci\u00f3n, transparencia y rendici\u00f3n de cuentas, realizada este viernes en el Foro Internacional &#8220;Michoac\u00e1n Gobernanza y Desarrollo Democr\u00e1tico&#8221;.<\/p>\n","protected":false},"author":1,"featured_media":30516,"comment_status":"open","ping_status":"open","sticky":false,"template":"","format":"standard","meta":{"footnotes":""},"categories":[14,3],"tags":[],"class_list":["post-30515","post","type-post","status-publish","format-standard","has-post-thumbnail","hentry","category-destacadas","category-gobierno-del-estado-de-michoacan"],"_links":{"self":[{"href":"https:\/\/radiowebmx.com\/nota\/wp-json\/wp\/v2\/posts\/30515","targetHints":{"allow":["GET"]}}],"collection":[{"href":"https:\/\/radiowebmx.com\/nota\/wp-json\/wp\/v2\/posts"}],"about":[{"href":"https:\/\/radiowebmx.com\/nota\/wp-json\/wp\/v2\/types\/post"}],"author":[{"embeddable":true,"href":"https:\/\/radiowebmx.com\/nota\/wp-json\/wp\/v2\/users\/1"}],"replies":[{"embeddable":true,"href":"https:\/\/radiowebmx.com\/nota\/wp-json\/wp\/v2\/comments?post=30515"}],"version-history":[{"count":1,"href":"https:\/\/radiowebmx.com\/nota\/wp-json\/wp\/v2\/posts\/30515\/revisions"}],"predecessor-version":[{"id":30517,"href":"https:\/\/radiowebmx.com\/nota\/wp-json\/wp\/v2\/posts\/30515\/revisions\/30517"}],"wp:featuredmedia":[{"embeddable":true,"href":"https:\/\/radiowebmx.com\/nota\/wp-json\/wp\/v2\/media\/30516"}],"wp:attachment":[{"href":"https:\/\/radiowebmx.com\/nota\/wp-json\/wp\/v2\/media?parent=30515"}],"wp:term":[{"taxonomy":"category","embeddable":true,"href":"https:\/\/radiowebmx.com\/nota\/wp-json\/wp\/v2\/categories?post=30515"},{"taxonomy":"post_tag","embeddable":true,"href":"https:\/\/radiowebmx.com\/nota\/wp-json\/wp\/v2\/tags?post=30515"}],"curies":[{"name":"wp","href":"https:\/\/api.w.org\/{rel}","templated":true}]}}