{"id":30511,"date":"2017-01-27T14:37:14","date_gmt":"2017-01-27T20:37:14","guid":{"rendered":"https:\/\/radiowebmx.com\/nota\/?p=30511"},"modified":"2017-01-27T14:37:14","modified_gmt":"2017-01-27T20:37:14","slug":"inicia-el-segundo-dia-de-actividades-del-foro-michoacan-gobernanza-y-desarrollo-democratico","status":"publish","type":"post","link":"https:\/\/radiowebmx.com\/nota\/inicia-el-segundo-dia-de-actividades-del-foro-michoacan-gobernanza-y-desarrollo-democratico\/","title":{"rendered":"Inicia el segundo d\u00eda de actividades del Foro \u201cMichoac\u00e1n Gobernanza y Desarrollo Democr\u00e1tico\u201d"},"content":{"rendered":"<p><img loading=\"lazy\" decoding=\"async\" src=\"https:\/\/radiowebmx.com\/nota\/wp-content\/uploads\/2017\/01\/14c785c5-7ca2-4b84-a598-e8b615665d7c.jpeg\" alt=\"14c785c5-7ca2-4b84-a598-e8b615665d7c\" width=\"709\" height=\"302\" class=\"alignleft size-full wp-image-30512\" srcset=\"https:\/\/radiowebmx.com\/nota\/wp-content\/uploads\/2017\/01\/14c785c5-7ca2-4b84-a598-e8b615665d7c.jpeg 709w, https:\/\/radiowebmx.com\/nota\/wp-content\/uploads\/2017\/01\/14c785c5-7ca2-4b84-a598-e8b615665d7c-300x128.jpeg 300w\" sizes=\"auto, (max-width: 709px) 100vw, 709px\" \/><\/p>\n<p>Morelia, Michoac\u00e1n, a 27 de enero del 2017.- Con la conferencia magistral dictada por Jos\u00e9 Thompson Jim\u00e9nez, director ejecutivo del Instituto Interamericano de Derechos Humanos de la Rep\u00fablica de Costa Rica, la ma\u00f1ana de este viernes inici\u00f3 el segundo d\u00eda de actividades del Foro Internacional \u201cMichoac\u00e1n Gobernanza y Desarrollo Democr\u00e1tico\u201d.<\/p>\n<p>\u201cEn todas las amenazas suele haber una oportunidad\u201d, sostuvo Thompson Jim\u00e9nez, al centrar su participaci\u00f3n en compartir acciones para hacer frente a las situaciones actuales tanto en M\u00e9xico como alrededor del mundo.<\/p>\n<p>En este sentido, recalc\u00f3 el valor de ser part\u00edcipes en las decisiones pol\u00edticas del pa\u00eds, en donde muchas veces la abstenci\u00f3n ha logrado que los extremos tengan voz. \u201cVotar importa, y votar puede hacer una diferencia\u201d, dijo.<\/p>\n<p>Asimismo, invit\u00f3 a hacer un referente \u00e9tico en los tiempos complejos y dif\u00edciles, mediante la preservaci\u00f3n del medio ambiente, a hacer conciencia y repensar la idea del consumo incesante producto de la globalizaci\u00f3n.<\/p>\n<p>De igual forma, acentu\u00f3 la importancia de reconocer el valor de los derechos humanos, que se encuentran plasmados en la Constituci\u00f3n Pol\u00edtica de los Estados Unidos Mexicanos.<\/p>\n<p>Por \u00faltimo, subray\u00f3 que la cooperaci\u00f3n y di\u00e1logo, as\u00ed como la reevaluaci\u00f3n de las relaciones internaciones, el impulso a agendas comunes, el pensamiento colectivo, la promoci\u00f3n de la tolerancia, son la v\u00eda que M\u00e9xico puede seguir como proyecto de naci\u00f3n a largo plazo.<\/p>\n","protected":false},"excerpt":{"rendered":"<p>Con la conferencia magistral dictada por Jos\u00e9 Thompson Jim\u00e9nez, director ejecutivo del Instituto Interamericano de Derechos Humanos de la Rep\u00fablica de Costa Rica, la ma\u00f1ana de este viernes inici\u00f3 el segundo d\u00eda de actividades del Foro Internacional \u201cMichoac\u00e1n Gobernanza y Desarrollo Democr\u00e1tico\u201d.<\/p>\n","protected":false},"author":1,"featured_media":30512,"comment_status":"open","ping_status":"open","sticky":false,"template":"","format":"standard","meta":{"footnotes":""},"categories":[14,3],"tags":[],"class_list":["post-30511","post","type-post","status-publish","format-standard","has-post-thumbnail","hentry","category-destacadas","category-gobierno-del-estado-de-michoacan"],"_links":{"self":[{"href":"https:\/\/radiowebmx.com\/nota\/wp-json\/wp\/v2\/posts\/30511","targetHints":{"allow":["GET"]}}],"collection":[{"href":"https:\/\/radiowebmx.com\/nota\/wp-json\/wp\/v2\/posts"}],"about":[{"href":"https:\/\/radiowebmx.com\/nota\/wp-json\/wp\/v2\/types\/post"}],"author":[{"embeddable":true,"href":"https:\/\/radiowebmx.com\/nota\/wp-json\/wp\/v2\/users\/1"}],"replies":[{"embeddable":true,"href":"https:\/\/radiowebmx.com\/nota\/wp-json\/wp\/v2\/comments?post=30511"}],"version-history":[{"count":1,"href":"https:\/\/radiowebmx.com\/nota\/wp-json\/wp\/v2\/posts\/30511\/revisions"}],"predecessor-version":[{"id":30513,"href":"https:\/\/radiowebmx.com\/nota\/wp-json\/wp\/v2\/posts\/30511\/revisions\/30513"}],"wp:featuredmedia":[{"embeddable":true,"href":"https:\/\/radiowebmx.com\/nota\/wp-json\/wp\/v2\/media\/30512"}],"wp:attachment":[{"href":"https:\/\/radiowebmx.com\/nota\/wp-json\/wp\/v2\/media?parent=30511"}],"wp:term":[{"taxonomy":"category","embeddable":true,"href":"https:\/\/radiowebmx.com\/nota\/wp-json\/wp\/v2\/categories?post=30511"},{"taxonomy":"post_tag","embeddable":true,"href":"https:\/\/radiowebmx.com\/nota\/wp-json\/wp\/v2\/tags?post=30511"}],"curies":[{"name":"wp","href":"https:\/\/api.w.org\/{rel}","templated":true}]}}