{"id":30505,"date":"2017-01-27T12:22:57","date_gmt":"2017-01-27T18:22:57","guid":{"rendered":"https:\/\/radiowebmx.com\/nota\/?p=30505"},"modified":"2017-01-27T12:22:57","modified_gmt":"2017-01-27T18:22:57","slug":"el-titular-de-la-ceac-enlace-del-gobierno-del-estado-en-quiroga","status":"publish","type":"post","link":"https:\/\/radiowebmx.com\/nota\/el-titular-de-la-ceac-enlace-del-gobierno-del-estado-en-quiroga\/","title":{"rendered":"El titular de la CEAC, enlace del Gobierno del Estado en Quiroga"},"content":{"rendered":"<p><img loading=\"lazy\" decoding=\"async\" src=\"https:\/\/radiowebmx.com\/nota\/wp-content\/uploads\/2017\/01\/c62f6205-4531-4299-977d-699d37ae4f89.jpg\" alt=\"c62f6205-4531-4299-977d-699d37ae4f89\" width=\"709\" height=\"531\" class=\"alignleft size-full wp-image-30506\" srcset=\"https:\/\/radiowebmx.com\/nota\/wp-content\/uploads\/2017\/01\/c62f6205-4531-4299-977d-699d37ae4f89.jpg 709w, https:\/\/radiowebmx.com\/nota\/wp-content\/uploads\/2017\/01\/c62f6205-4531-4299-977d-699d37ae4f89-300x225.jpg 300w\" sizes=\"auto, (max-width: 709px) 100vw, 709px\" \/><\/p>\n<p>Morelia, Michoac\u00e1n, a 27 de enero de 2017.- Por instrucciones del Gobernador Silvano Aureoles Conejo, el vocal ejecutivo del Centro Estatal para el Desarrollo Municipal (Cedemun), Carlos Paredes Correa, design\u00f3 al titular de la Comisi\u00f3n Estatal del Agua y Gesti\u00f3n de Cuencas (CEAC), Germ\u00e1n Tena Fern\u00e1ndez, enlace con el Ayuntamiento de Quiroga.<\/p>\n<p>Este nombramiento traer\u00e1 beneficios para el municipio, ya que el Ayuntamiento a trav\u00e9s del alcalde Melchor Vargas Villica\u00f1a, y los funcionarios locales, tendr\u00e1 una comunicaci\u00f3n directa con el Gobierno del Estado, para atender las necesidades de la poblaci\u00f3n.<\/p>\n<p>Al respecto, Germ\u00e1n Tena inform\u00f3 que las autoridades municipales han solicitado concluir la planta de tratamiento de aguas residuales, organizar una orquesta sinf\u00f3nica, crear una radiodifusora cultural, elaborar un proyecto de mejoramiento de vivienda, aumentar la cobertura de programas sociales, una ambulancia, camiones recolectores de basura, agilizar tr\u00e1mites del Registro Civil para personas en condici\u00f3n vulnerable, entre otras.<\/p>\n<p>El titular de la CEAC indic\u00f3 que estas peticiones las har\u00e1 llegar a las dependencias estatales correspondientes, y anticip\u00f3 que habr\u00e1 reuniones de trabajo con delegados federales para detectar y atender las necesidades primordiales de la poblaci\u00f3n de Quiroga.<\/p>\n","protected":false},"excerpt":{"rendered":"<p>Por instrucciones del Gobernador Silvano Aureoles Conejo, el vocal ejecutivo del Centro Estatal para el Desarrollo Municipal (Cedemun), Carlos Paredes Correa, design\u00f3 al titular de la Comisi\u00f3n Estatal del Agua y Gesti\u00f3n de Cuencas (CEAC), Germ\u00e1n Tena Fern\u00e1ndez, enlace con el Ayuntamiento de Quiroga.<\/p>\n","protected":false},"author":1,"featured_media":30506,"comment_status":"open","ping_status":"open","sticky":false,"template":"","format":"standard","meta":{"footnotes":""},"categories":[14,3],"tags":[],"class_list":["post-30505","post","type-post","status-publish","format-standard","has-post-thumbnail","hentry","category-destacadas","category-gobierno-del-estado-de-michoacan"],"_links":{"self":[{"href":"https:\/\/radiowebmx.com\/nota\/wp-json\/wp\/v2\/posts\/30505","targetHints":{"allow":["GET"]}}],"collection":[{"href":"https:\/\/radiowebmx.com\/nota\/wp-json\/wp\/v2\/posts"}],"about":[{"href":"https:\/\/radiowebmx.com\/nota\/wp-json\/wp\/v2\/types\/post"}],"author":[{"embeddable":true,"href":"https:\/\/radiowebmx.com\/nota\/wp-json\/wp\/v2\/users\/1"}],"replies":[{"embeddable":true,"href":"https:\/\/radiowebmx.com\/nota\/wp-json\/wp\/v2\/comments?post=30505"}],"version-history":[{"count":1,"href":"https:\/\/radiowebmx.com\/nota\/wp-json\/wp\/v2\/posts\/30505\/revisions"}],"predecessor-version":[{"id":30507,"href":"https:\/\/radiowebmx.com\/nota\/wp-json\/wp\/v2\/posts\/30505\/revisions\/30507"}],"wp:featuredmedia":[{"embeddable":true,"href":"https:\/\/radiowebmx.com\/nota\/wp-json\/wp\/v2\/media\/30506"}],"wp:attachment":[{"href":"https:\/\/radiowebmx.com\/nota\/wp-json\/wp\/v2\/media?parent=30505"}],"wp:term":[{"taxonomy":"category","embeddable":true,"href":"https:\/\/radiowebmx.com\/nota\/wp-json\/wp\/v2\/categories?post=30505"},{"taxonomy":"post_tag","embeddable":true,"href":"https:\/\/radiowebmx.com\/nota\/wp-json\/wp\/v2\/tags?post=30505"}],"curies":[{"name":"wp","href":"https:\/\/api.w.org\/{rel}","templated":true}]}}