{"id":30499,"date":"2017-01-27T12:11:00","date_gmt":"2017-01-27T18:11:00","guid":{"rendered":"https:\/\/radiowebmx.com\/nota\/?p=30499"},"modified":"2017-01-27T12:11:00","modified_gmt":"2017-01-27T18:11:00","slug":"respalda-wlm-decision-de-epn-de-no-acudir-al-encuentro-con-presidente-de-e-u","status":"publish","type":"post","link":"https:\/\/radiowebmx.com\/nota\/respalda-wlm-decision-de-epn-de-no-acudir-al-encuentro-con-presidente-de-e-u\/","title":{"rendered":"Respalda WLM decisi\u00f3n de EPN, de no acudir al encuentro con presidente de E.U"},"content":{"rendered":"<p><img loading=\"lazy\" decoding=\"async\" src=\"https:\/\/radiowebmx.com\/nota\/wp-content\/uploads\/2017\/01\/Comunicado-097.jpg\" alt=\"Comunicado 097\" width=\"709\" height=\"1063\" class=\"alignleft size-full wp-image-30500\" srcset=\"https:\/\/radiowebmx.com\/nota\/wp-content\/uploads\/2017\/01\/Comunicado-097.jpg 709w, https:\/\/radiowebmx.com\/nota\/wp-content\/uploads\/2017\/01\/Comunicado-097-200x300.jpg 200w, https:\/\/radiowebmx.com\/nota\/wp-content\/uploads\/2017\/01\/Comunicado-097-683x1024.jpg 683w\" sizes=\"auto, (max-width: 709px) 100vw, 709px\" \/><\/p>\n<p>Morelia; Michoac\u00e1n, 26 de enero de 2017.-  El diputado del PRI, Wilfrido L\u00e1zaro Medina respald\u00f3 la decisi\u00f3n del presidente de la Rep\u00fablica, Enrique Pe\u00f1a Nieto de no acudir al encuentro convocado por su hom\u00f3logo, Donald Trump, en Washington D. C, esto tras asegurar que resulta lamentable para los norteamericanos en pleno siglo XXI los amurallen, los encierren; los a\u00edslen.<\/p>\n<p>El diputado local del PRI, sostuvo que el presidente de Estados Unidos, no le pone un muro a M\u00e9xico, amuralla a una Naci\u00f3n y ahora el mundo libre est\u00e1 afuera. \u201cTrump no le cierra el paso a Enrique Pe\u00f1a Nieto y los mexicanos que somos una naci\u00f3n con grandeza, se cierra al mundo y ahora debemos de luchar por nuestros mexicanos y todos los seres humanos encerrados por Trump\u201d, dijo.<\/p>\n<p>Record\u00f3 que actualmente en aquel pa\u00eds, son cerca de cuatro millones de michoacanos, los que contribuyen a su econom\u00eda, y han hecho grande aquella naci\u00f3n, por lo tambi\u00e9n lanz\u00f3 un llamado a las autoridades locales, para hacer lo propio y generar una comisi\u00f3n especial para atender, asesorar y defender a los connacionales.<\/p>\n<p>Celebr\u00f3 la decisi\u00f3n de nuestro presidente Enrique Pe\u00f1a Nieto, al determinar no acudir a este encuentro, en donde entre iguales se deben respeto, situaci\u00f3n que no ha otorgado Donald Trump, a nuestro pa\u00eds.<\/p>\n<p>Llam\u00f3 de manera respetuosa al titular del Ejecutivo Federal, alzar la voz ante la Organizaci\u00f3n de Naciones Unidas (ONU) para promover la cultura de la paz en el mundo, as\u00ed como la concordia y respeto entre los pueblos.<\/p>\n<p>\u201cEl se\u00f1or presidente seguramente alzar\u00e1 la voz ante la Organizaci\u00f3n de las Naciones Unidas en favor de la gente que ahora est\u00e1 viendo ante s\u00ed, nacer el nuevo muro de la deshonra, la cerraz\u00f3n y la soberbia; debe pronunciarse en favor de las relaciones globales y de c\u00f3mo regular y hacer eficientes  las fronteras para que sean los puentes de las nuevas generaciones\u201d, agreg\u00f3.<\/p>\n<p>Los muros, s\u00f3lo dividen, fomentan la intolerancia, racismo y discriminaci\u00f3n, dijo el diputado al recordar que en el mundo persisten divisiones que solo han acentuado las diferencias entre los pueblos, tales ejemplos y el m\u00e1s emblem\u00e1tico del siglo XX el muro de Berl\u00edn destruido en 1989.<\/p>\n<p>La historia, dijo ha dado la raz\u00f3n que la divisi\u00f3n entre iguales, ha generado violencia y odio, por ello sostuvo se requiere tener el respaldo generalizado para crear puentes y no muros que nos dividan.<\/p>\n<p>\u201cEl se\u00f1or presidente hizo lo correcto desde ayer que se expres\u00f3 con puntualidad para reiterar que M\u00e9xico no puede participar de la construcci\u00f3n de muros pero si de puentes para el entendimiento entre las naciones ONU&#8221;, concluy\u00f3 L\u00e1zaro Medina.<\/p>\n","protected":false},"excerpt":{"rendered":"<p>El diputado del PRI, Wilfrido L\u00e1zaro Medina respald\u00f3 la decisi\u00f3n del presidente de la Rep\u00fablica, Enrique Pe\u00f1a Nieto de no acudir al encuentro convocado por su hom\u00f3logo, Donald Trump, en Washington D. C, esto tras asegurar que resulta lamentable para los norteamericanos en pleno siglo XXI los amurallen, los encierren; los a\u00edslen.<\/p>\n","protected":false},"author":1,"featured_media":30500,"comment_status":"open","ping_status":"open","sticky":false,"template":"","format":"standard","meta":{"footnotes":""},"categories":[6,14,7],"tags":[],"class_list":["post-30499","post","type-post","status-publish","format-standard","has-post-thumbnail","hentry","category-congreso-del-estado","category-destacadas","category-grupo-parlamentario-del-pri"],"_links":{"self":[{"href":"https:\/\/radiowebmx.com\/nota\/wp-json\/wp\/v2\/posts\/30499","targetHints":{"allow":["GET"]}}],"collection":[{"href":"https:\/\/radiowebmx.com\/nota\/wp-json\/wp\/v2\/posts"}],"about":[{"href":"https:\/\/radiowebmx.com\/nota\/wp-json\/wp\/v2\/types\/post"}],"author":[{"embeddable":true,"href":"https:\/\/radiowebmx.com\/nota\/wp-json\/wp\/v2\/users\/1"}],"replies":[{"embeddable":true,"href":"https:\/\/radiowebmx.com\/nota\/wp-json\/wp\/v2\/comments?post=30499"}],"version-history":[{"count":1,"href":"https:\/\/radiowebmx.com\/nota\/wp-json\/wp\/v2\/posts\/30499\/revisions"}],"predecessor-version":[{"id":30501,"href":"https:\/\/radiowebmx.com\/nota\/wp-json\/wp\/v2\/posts\/30499\/revisions\/30501"}],"wp:featuredmedia":[{"embeddable":true,"href":"https:\/\/radiowebmx.com\/nota\/wp-json\/wp\/v2\/media\/30500"}],"wp:attachment":[{"href":"https:\/\/radiowebmx.com\/nota\/wp-json\/wp\/v2\/media?parent=30499"}],"wp:term":[{"taxonomy":"category","embeddable":true,"href":"https:\/\/radiowebmx.com\/nota\/wp-json\/wp\/v2\/categories?post=30499"},{"taxonomy":"post_tag","embeddable":true,"href":"https:\/\/radiowebmx.com\/nota\/wp-json\/wp\/v2\/tags?post=30499"}],"curies":[{"name":"wp","href":"https:\/\/api.w.org\/{rel}","templated":true}]}}