{"id":30435,"date":"2017-01-27T10:09:23","date_gmt":"2017-01-27T16:09:23","guid":{"rendered":"https:\/\/radiowebmx.com\/nota\/?p=30435"},"modified":"2017-01-27T10:09:23","modified_gmt":"2017-01-27T16:09:23","slug":"pugna-cgcs-por-un-periodismo-equilibrado-y-profesional","status":"publish","type":"post","link":"https:\/\/radiowebmx.com\/nota\/pugna-cgcs-por-un-periodismo-equilibrado-y-profesional\/","title":{"rendered":"Pugna CGCS por un periodismo equilibrado y profesional"},"content":{"rendered":"<p><img loading=\"lazy\" decoding=\"async\" src=\"https:\/\/radiowebmx.com\/nota\/wp-content\/uploads\/2017\/01\/4bf3ce22-b9ef-44b8-bccb-f75c05629803.jpeg\" alt=\"4bf3ce22-b9ef-44b8-bccb-f75c05629803\" width=\"709\" height=\"531\" class=\"alignleft size-full wp-image-30436\" srcset=\"https:\/\/radiowebmx.com\/nota\/wp-content\/uploads\/2017\/01\/4bf3ce22-b9ef-44b8-bccb-f75c05629803.jpeg 709w, https:\/\/radiowebmx.com\/nota\/wp-content\/uploads\/2017\/01\/4bf3ce22-b9ef-44b8-bccb-f75c05629803-300x225.jpeg 300w\" sizes=\"auto, (max-width: 709px) 100vw, 709px\" \/><\/p>\n<p>Zacapu, Michoac\u00e1n, a 26 de enero de 2017.- Para el Gobierno de Michoac\u00e1n, el ejercicio profesional, \u00e9tico y equilibrado de los medios de comunicaci\u00f3n cobra cada vez mayor relevancia para la armon\u00eda y el desarrollo de toda sociedad.<\/p>\n<p>Tales preceptos fueron refrendados en el marco de los festejos del vig\u00e9simo octavo aniversario del peri\u00f3dico \u201cEl Mensajero de Zacapu\u201d, al que acudieron autoridades estatales y municipales, as\u00ed como representantes de medios de comunicaci\u00f3n y de la sociedad civil en esta regi\u00f3n de la entidad.<\/p>\n<p>Mart\u00edn Garc\u00eda Avil\u00e9s, Secretario de Pueblos Ind\u00edgenas y representante del Gobernador Silvano Aureoles Conejo, reconoci\u00f3 la relevancia y alcance de los medios de comunicaci\u00f3n regionales para mantener informada a la ciudadan\u00eda.<\/p>\n<p>Se\u00f1al\u00f3 que hoy en d\u00eda las herramientas digitales constituyen un canal de comunicaci\u00f3n directo y eficaz, pero que su uso debe ser responsable y reconociendo tambi\u00e9n el papel de los medios impresos.<\/p>\n<p>Por su parte, Ad\u00e1n Garc\u00eda, asesor de la Coordinaci\u00f3n General de Comunicaci\u00f3n Social del Estado (CGCS), afirm\u00f3 que son los medios de comunicaci\u00f3n depositarios de un derecho fundamental de los ciudadanos para la toma de decisiones, como lo es el derecho a estar informados.<\/p>\n<p>\u201cDe ah\u00ed la importancia que reviste la conjunci\u00f3n de esfuerzos y sinergias en este camino para garantizar el libre, pero responsable ejercicio de comunicar, sin m\u00e1s l\u00edmites que la \u00e9tica profesional, el equilibrio de contenidos, el respeto y la plena observancia de las leyes\u201d, coment\u00f3.<\/p>\n<p>Al asistir en representaci\u00f3n de Julieta L\u00f3pez Bautista, titular de la CGCS, el funcionario hizo un llamado a evitar la proliferaci\u00f3n de informaci\u00f3n falsa, imprecisa y especulativa.<\/p>\n<p>\u201cPor eso la importancia de nuestro actuar y nuestro rigor como profesionales de la comunicaci\u00f3n, sabiendo que una sociedad bien informada fortalece y nutre la democracia, y contribuye en la definici\u00f3n de pol\u00edticas p\u00fablicas, m\u00e1s eficaces y s\u00f3lidas\u201d, sostuvo.<\/p>\n","protected":false},"excerpt":{"rendered":"<p>Para el Gobierno de Michoac\u00e1n, el ejercicio profesional, \u00e9tico y equilibrado de los medios de comunicaci\u00f3n cobra cada vez mayor relevancia para la armon\u00eda y el desarrollo de toda sociedad.<\/p>\n","protected":false},"author":1,"featured_media":30436,"comment_status":"open","ping_status":"open","sticky":false,"template":"","format":"standard","meta":{"footnotes":""},"categories":[14,3],"tags":[],"class_list":["post-30435","post","type-post","status-publish","format-standard","has-post-thumbnail","hentry","category-destacadas","category-gobierno-del-estado-de-michoacan"],"_links":{"self":[{"href":"https:\/\/radiowebmx.com\/nota\/wp-json\/wp\/v2\/posts\/30435","targetHints":{"allow":["GET"]}}],"collection":[{"href":"https:\/\/radiowebmx.com\/nota\/wp-json\/wp\/v2\/posts"}],"about":[{"href":"https:\/\/radiowebmx.com\/nota\/wp-json\/wp\/v2\/types\/post"}],"author":[{"embeddable":true,"href":"https:\/\/radiowebmx.com\/nota\/wp-json\/wp\/v2\/users\/1"}],"replies":[{"embeddable":true,"href":"https:\/\/radiowebmx.com\/nota\/wp-json\/wp\/v2\/comments?post=30435"}],"version-history":[{"count":1,"href":"https:\/\/radiowebmx.com\/nota\/wp-json\/wp\/v2\/posts\/30435\/revisions"}],"predecessor-version":[{"id":30437,"href":"https:\/\/radiowebmx.com\/nota\/wp-json\/wp\/v2\/posts\/30435\/revisions\/30437"}],"wp:featuredmedia":[{"embeddable":true,"href":"https:\/\/radiowebmx.com\/nota\/wp-json\/wp\/v2\/media\/30436"}],"wp:attachment":[{"href":"https:\/\/radiowebmx.com\/nota\/wp-json\/wp\/v2\/media?parent=30435"}],"wp:term":[{"taxonomy":"category","embeddable":true,"href":"https:\/\/radiowebmx.com\/nota\/wp-json\/wp\/v2\/categories?post=30435"},{"taxonomy":"post_tag","embeddable":true,"href":"https:\/\/radiowebmx.com\/nota\/wp-json\/wp\/v2\/tags?post=30435"}],"curies":[{"name":"wp","href":"https:\/\/api.w.org\/{rel}","templated":true}]}}