{"id":30426,"date":"2017-01-26T14:34:54","date_gmt":"2017-01-26T20:34:54","guid":{"rendered":"https:\/\/radiowebmx.com\/nota\/?p=30426"},"modified":"2017-01-26T14:34:54","modified_gmt":"2017-01-26T20:34:54","slug":"sfa-subastara-vehiculos-y-maquinaria","status":"publish","type":"post","link":"https:\/\/radiowebmx.com\/nota\/sfa-subastara-vehiculos-y-maquinaria\/","title":{"rendered":"SFA subastar\u00e1 veh\u00edculos y maquinaria"},"content":{"rendered":"<p><img loading=\"lazy\" decoding=\"async\" src=\"https:\/\/radiowebmx.com\/nota\/wp-content\/uploads\/2017\/01\/eed7cf2d-3ab2-4aca-bbc6-05236d9dc5da.jpg\" alt=\"eed7cf2d-3ab2-4aca-bbc6-05236d9dc5da\" width=\"709\" height=\"398\" class=\"alignleft size-full wp-image-30427\" srcset=\"https:\/\/radiowebmx.com\/nota\/wp-content\/uploads\/2017\/01\/eed7cf2d-3ab2-4aca-bbc6-05236d9dc5da.jpg 709w, https:\/\/radiowebmx.com\/nota\/wp-content\/uploads\/2017\/01\/eed7cf2d-3ab2-4aca-bbc6-05236d9dc5da-300x168.jpg 300w, https:\/\/radiowebmx.com\/nota\/wp-content\/uploads\/2017\/01\/eed7cf2d-3ab2-4aca-bbc6-05236d9dc5da-284x158.jpg 284w, https:\/\/radiowebmx.com\/nota\/wp-content\/uploads\/2017\/01\/eed7cf2d-3ab2-4aca-bbc6-05236d9dc5da-128x72.jpg 128w\" sizes=\"auto, (max-width: 709px) 100vw, 709px\" \/><\/p>\n<p><img loading=\"lazy\" decoding=\"async\" src=\"https:\/\/radiowebmx.com\/nota\/wp-content\/uploads\/2017\/01\/ab883303-178f-456c-b311-62dd832d754e.jpeg\" alt=\"ab883303-178f-456c-b311-62dd832d754e\" width=\"709\" height=\"398\" class=\"alignleft size-full wp-image-30428\" srcset=\"https:\/\/radiowebmx.com\/nota\/wp-content\/uploads\/2017\/01\/ab883303-178f-456c-b311-62dd832d754e.jpeg 709w, https:\/\/radiowebmx.com\/nota\/wp-content\/uploads\/2017\/01\/ab883303-178f-456c-b311-62dd832d754e-300x168.jpeg 300w, https:\/\/radiowebmx.com\/nota\/wp-content\/uploads\/2017\/01\/ab883303-178f-456c-b311-62dd832d754e-284x158.jpeg 284w, https:\/\/radiowebmx.com\/nota\/wp-content\/uploads\/2017\/01\/ab883303-178f-456c-b311-62dd832d754e-128x72.jpeg 128w\" sizes=\"auto, (max-width: 709px) 100vw, 709px\" \/><\/p>\n<p>Morelia, Michoac\u00e1n, a 26 de enero de 2017.- Con el objetivo de realizar acciones que deriven en un puntual control y manejo de los bienes del estado, la Secretar\u00eda de Finanzas y Administraci\u00f3n (SFA) pondr\u00e1 en subasta veh\u00edculos y maquinaria pesada que ya no son \u00fatiles para el servicio p\u00fablico.<\/p>\n<p>En esta subasta podr\u00e1 participar la ciudadan\u00eda en general, y se prev\u00e9 que se realice en el mes de febrero, en d\u00edas por determinar.<\/p>\n<p>Esta subasta se llevar\u00e1 a cabo a trav\u00e9s de Internet. Los datos referentes a la convocatoria y el lugar para participar se publicar\u00e1n a partir de este viernes 27 de enero en la p\u00e1gina www.secfinanzas.michoacan.gob.mx.<\/p>\n<p>El objetivo de esta medida del Gobierno del Estado, que encabeza Silvano Aureoles Conejo, es lograr el m\u00e1ximo aprovechamiento por unidad al final de su vida \u00fatil y que esto permita desocupar espacios en las instituciones p\u00fablicas y sitios concentradores de estos veh\u00edculos, para evitar la contaminaci\u00f3n por chatarra y generar ahorros e ingresos para la administraci\u00f3n estatal.<\/p>\n<p>Por lo anterior, se invita a las y los ciudadanos a estar al pendiente de la publicaci\u00f3n de las bases en el Peri\u00f3dico Oficial del Estado y en la p\u00e1gina antes mencionada. En dichas bases se podr\u00e1 conocer los requisitos y el sitio al que se podr\u00e1 acceder para participar. <\/p>\n","protected":false},"excerpt":{"rendered":"<p>Con el objetivo de realizar acciones que deriven en un puntual control y manejo de los bienes del estado, la Secretar\u00eda de Finanzas y Administraci\u00f3n (SFA) pondr\u00e1 en subasta veh\u00edculos y maquinaria pesada que ya no son \u00fatiles para el servicio p\u00fablico.<\/p>\n","protected":false},"author":1,"featured_media":30427,"comment_status":"open","ping_status":"open","sticky":false,"template":"","format":"standard","meta":{"footnotes":""},"categories":[14,3],"tags":[],"class_list":["post-30426","post","type-post","status-publish","format-standard","has-post-thumbnail","hentry","category-destacadas","category-gobierno-del-estado-de-michoacan"],"_links":{"self":[{"href":"https:\/\/radiowebmx.com\/nota\/wp-json\/wp\/v2\/posts\/30426","targetHints":{"allow":["GET"]}}],"collection":[{"href":"https:\/\/radiowebmx.com\/nota\/wp-json\/wp\/v2\/posts"}],"about":[{"href":"https:\/\/radiowebmx.com\/nota\/wp-json\/wp\/v2\/types\/post"}],"author":[{"embeddable":true,"href":"https:\/\/radiowebmx.com\/nota\/wp-json\/wp\/v2\/users\/1"}],"replies":[{"embeddable":true,"href":"https:\/\/radiowebmx.com\/nota\/wp-json\/wp\/v2\/comments?post=30426"}],"version-history":[{"count":1,"href":"https:\/\/radiowebmx.com\/nota\/wp-json\/wp\/v2\/posts\/30426\/revisions"}],"predecessor-version":[{"id":30429,"href":"https:\/\/radiowebmx.com\/nota\/wp-json\/wp\/v2\/posts\/30426\/revisions\/30429"}],"wp:featuredmedia":[{"embeddable":true,"href":"https:\/\/radiowebmx.com\/nota\/wp-json\/wp\/v2\/media\/30427"}],"wp:attachment":[{"href":"https:\/\/radiowebmx.com\/nota\/wp-json\/wp\/v2\/media?parent=30426"}],"wp:term":[{"taxonomy":"category","embeddable":true,"href":"https:\/\/radiowebmx.com\/nota\/wp-json\/wp\/v2\/categories?post=30426"},{"taxonomy":"post_tag","embeddable":true,"href":"https:\/\/radiowebmx.com\/nota\/wp-json\/wp\/v2\/tags?post=30426"}],"curies":[{"name":"wp","href":"https:\/\/api.w.org\/{rel}","templated":true}]}}