{"id":30423,"date":"2017-01-26T14:22:48","date_gmt":"2017-01-26T20:22:48","guid":{"rendered":"https:\/\/radiowebmx.com\/nota\/?p=30423"},"modified":"2017-01-26T14:22:48","modified_gmt":"2017-01-26T20:22:48","slug":"por-la-dignidad-de-los-mexicanos-correcto-cancelar-reunion-con-eua-andrea-villanueva","status":"publish","type":"post","link":"https:\/\/radiowebmx.com\/nota\/por-la-dignidad-de-los-mexicanos-correcto-cancelar-reunion-con-eua-andrea-villanueva\/","title":{"rendered":"Por la dignidad de los mexicanos, correcto cancelar reuni\u00f3n con EUA: Andrea Villanueva"},"content":{"rendered":"<p><img loading=\"lazy\" decoding=\"async\" src=\"https:\/\/radiowebmx.com\/nota\/wp-content\/uploads\/2017\/01\/thumbnail_IMG_20170126_130946_392.jpg\" alt=\"thumbnail_IMG_20170126_130946_392\" width=\"709\" height=\"546\" class=\"alignleft size-full wp-image-30424\" srcset=\"https:\/\/radiowebmx.com\/nota\/wp-content\/uploads\/2017\/01\/thumbnail_IMG_20170126_130946_392.jpg 709w, https:\/\/radiowebmx.com\/nota\/wp-content\/uploads\/2017\/01\/thumbnail_IMG_20170126_130946_392-300x231.jpg 300w\" sizes=\"auto, (max-width: 709px) 100vw, 709px\" \/><\/p>\n<p>En el marco del Foro Internacional Gobernanza y Desarrollo Democr\u00e1tico y en<br \/>\nsu calidad de integrante de la Comisi\u00f3n de Derechos Humanos del Congreso<br \/>\nmichoacano, la diputada Andrea Villanueva Cano, se sum\u00f3 al rechazo de<br \/>\ncualquier reuni\u00f3n entre los presidentes de M\u00e9xico y Estados Unidos, en tanto<br \/>\neste \u00faltimo no se desista del discurso ofensivo y de los ataques reiterados en<br \/>\ncontra de los mexicanos.<br \/>\nVillanueva Cano calific\u00f3 correcto que el Gobierno de M\u00e9xico emitiera su negativa<br \/>\na realizar una visita al pa\u00eds vecino en las condiciones y bajo los lineamientos que<br \/>\nel Presidente estadounidense pretende, por lo que reiter\u00f3 la urgencia de dar<br \/>\nsoluci\u00f3n a los conflictos internos y buscar nuevos horizontes para el intercambio<br \/>\ncomercial y la cooperaci\u00f3n internacional con otros pa\u00edses.<br \/>\n\u201cCreo que por fin se ha tomado una decisi\u00f3n acertada al cancelar una visita en<br \/>\nlas condiciones que pretende Donald Trump; sin embargo, no hay que perder<br \/>\ntiempo y Gobierno Federal deber\u00e1 voltear los ojos hacia otros pa\u00edses y<br \/>\ncomenzar de inmediato a entablar nuevos lazos de cooperaci\u00f3n y comercio con<br \/>\nAsia, Europa pero sobre todo, con Am\u00e9rica Latina\u201d, inquiri\u00f3 la panista.<br \/>\nReconoci\u00f3 que Michoac\u00e1n ser\u00e1 un estado afectado por las determinaciones que<br \/>\npueda generar la falta de acuerdos econ\u00f3micos y de migraci\u00f3n con Estados<br \/>\nUnidos, por lo que pidi\u00f3 al Gobierno del Estado establecer las medidas que sean<br \/>\nnecesarias para garantizar la protecci\u00f3n a los derechos de los migrantes<br \/>\nmichoacanos, as\u00ed como analizar de manera inmediata y junto con los<br \/>\nproductores locales la comercializaci\u00f3n hacia otros mercados extranjeros.<br \/>\nFinalmente la diputada por Morelia reiter\u00f3 su compromiso y respaldo a las<br \/>\nmedidas que se tomen desde el Poder Legislativo para proteger a los<br \/>\nmichoacanos, a quienes hizo un llamado para reconocer con orgullo nuestra<br \/>\nhistoria e impulsar una nueva cultura de uni\u00f3n y trabajo unido para superar \u00e9stos<br \/>\ny los desaf\u00edos que vengan, siempre por el bien de Michoac\u00e1n y de M\u00e9xico.<\/p>\n","protected":false},"excerpt":{"rendered":"<p>En el marco del Foro Internacional Gobernanza y Desarrollo Democr\u00e1tico y en<br \/>\nsu calidad de integrante de la Comisi\u00f3n de Derechos Humanos del Congreso michoacano, la diputada Andrea Villanueva Cano, se sum\u00f3 al rechazo de cualquier reuni\u00f3n entre los presidentes de M\u00e9xico y Estados Unidos<\/p>\n","protected":false},"author":1,"featured_media":30424,"comment_status":"open","ping_status":"open","sticky":false,"template":"","format":"standard","meta":{"footnotes":""},"categories":[6,14,8],"tags":[],"class_list":["post-30423","post","type-post","status-publish","format-standard","has-post-thumbnail","hentry","category-congreso-del-estado","category-destacadas","category-grupo-parlamentario-del-pan"],"_links":{"self":[{"href":"https:\/\/radiowebmx.com\/nota\/wp-json\/wp\/v2\/posts\/30423","targetHints":{"allow":["GET"]}}],"collection":[{"href":"https:\/\/radiowebmx.com\/nota\/wp-json\/wp\/v2\/posts"}],"about":[{"href":"https:\/\/radiowebmx.com\/nota\/wp-json\/wp\/v2\/types\/post"}],"author":[{"embeddable":true,"href":"https:\/\/radiowebmx.com\/nota\/wp-json\/wp\/v2\/users\/1"}],"replies":[{"embeddable":true,"href":"https:\/\/radiowebmx.com\/nota\/wp-json\/wp\/v2\/comments?post=30423"}],"version-history":[{"count":1,"href":"https:\/\/radiowebmx.com\/nota\/wp-json\/wp\/v2\/posts\/30423\/revisions"}],"predecessor-version":[{"id":30425,"href":"https:\/\/radiowebmx.com\/nota\/wp-json\/wp\/v2\/posts\/30423\/revisions\/30425"}],"wp:featuredmedia":[{"embeddable":true,"href":"https:\/\/radiowebmx.com\/nota\/wp-json\/wp\/v2\/media\/30424"}],"wp:attachment":[{"href":"https:\/\/radiowebmx.com\/nota\/wp-json\/wp\/v2\/media?parent=30423"}],"wp:term":[{"taxonomy":"category","embeddable":true,"href":"https:\/\/radiowebmx.com\/nota\/wp-json\/wp\/v2\/categories?post=30423"},{"taxonomy":"post_tag","embeddable":true,"href":"https:\/\/radiowebmx.com\/nota\/wp-json\/wp\/v2\/tags?post=30423"}],"curies":[{"name":"wp","href":"https:\/\/api.w.org\/{rel}","templated":true}]}}