{"id":30417,"date":"2017-01-26T14:10:16","date_gmt":"2017-01-26T20:10:16","guid":{"rendered":"https:\/\/radiowebmx.com\/nota\/?p=30417"},"modified":"2017-01-26T14:10:16","modified_gmt":"2017-01-26T20:10:16","slug":"el-pri-respalda-decision-de-epn-de-cancelar-visita-a-eu","status":"publish","type":"post","link":"https:\/\/radiowebmx.com\/nota\/el-pri-respalda-decision-de-epn-de-cancelar-visita-a-eu\/","title":{"rendered":"EL PRI RESPALDA DECISI\u00d3N DE EPN DE CANCELAR VISITA A EU"},"content":{"rendered":"<p><img loading=\"lazy\" decoding=\"async\" src=\"https:\/\/radiowebmx.com\/nota\/wp-content\/uploads\/2017\/01\/IMG_6493.jpg\" alt=\"IMG_6493\" width=\"709\" height=\"920\" class=\"alignleft size-full wp-image-30418\" srcset=\"https:\/\/radiowebmx.com\/nota\/wp-content\/uploads\/2017\/01\/IMG_6493.jpg 709w, https:\/\/radiowebmx.com\/nota\/wp-content\/uploads\/2017\/01\/IMG_6493-231x300.jpg 231w\" sizes=\"auto, (max-width: 709px) 100vw, 709px\" \/><\/p>\n<p>Morelia, Michoac\u00e1n a 26 de enero de 2017.- Respaldamos la decisi\u00f3n de nuestro presidente, Enrique Pe\u00f1a Nieto, de cancelar su visita a Estados Unidos el pr\u00f3ximo 31 enero, en donde se reunir\u00eda con su hom\u00f3logo Donald Trump.<\/p>\n<p>El Presidente tiene todo nuestro apoyo y sabemos que trabaja para fortalecer la pol\u00edtica exterior de nuestro pa\u00eds, y definir una nueva relaci\u00f3n con Estados Unidos.<\/p>\n<p>En unidad y con dignidad resolveremos los retos que se nos presenten.<\/p>\n<p>Lo que ambas naciones requieren es la edificaci\u00f3n de puentes de comunicaci\u00f3n, no un muro que las divida.<\/p>\n<p>Lo primordial son los intereses de nuestro pa\u00eds y el respeto a los derechos de nuestros connacionales.<\/p>\n<p>A los empresarios y exportadores les decimos que no est\u00e1n solos y que buscaremos las mejores condiciones y acuerdos para consolidar la oferta comercial que requieren, explorando nuevos mercados.<\/p>\n<p>M\u00e9xico ofrece y exige respeto como naci\u00f3n soberana.<\/p>\n","protected":false},"excerpt":{"rendered":"<p>Respaldamos la decisi\u00f3n de nuestro presidente, Enrique Pe\u00f1a Nieto, de cancelar su visita a Estados Unidos el pr\u00f3ximo 31 enero, en donde se reunir\u00eda con su hom\u00f3logo Donald Trump.<\/p>\n","protected":false},"author":1,"featured_media":30418,"comment_status":"open","ping_status":"open","sticky":false,"template":"","format":"standard","meta":{"footnotes":""},"categories":[14,11,12],"tags":[],"class_list":["post-30417","post","type-post","status-publish","format-standard","has-post-thumbnail","hentry","category-destacadas","category-partidos-politicos","category-pri"],"_links":{"self":[{"href":"https:\/\/radiowebmx.com\/nota\/wp-json\/wp\/v2\/posts\/30417","targetHints":{"allow":["GET"]}}],"collection":[{"href":"https:\/\/radiowebmx.com\/nota\/wp-json\/wp\/v2\/posts"}],"about":[{"href":"https:\/\/radiowebmx.com\/nota\/wp-json\/wp\/v2\/types\/post"}],"author":[{"embeddable":true,"href":"https:\/\/radiowebmx.com\/nota\/wp-json\/wp\/v2\/users\/1"}],"replies":[{"embeddable":true,"href":"https:\/\/radiowebmx.com\/nota\/wp-json\/wp\/v2\/comments?post=30417"}],"version-history":[{"count":1,"href":"https:\/\/radiowebmx.com\/nota\/wp-json\/wp\/v2\/posts\/30417\/revisions"}],"predecessor-version":[{"id":30419,"href":"https:\/\/radiowebmx.com\/nota\/wp-json\/wp\/v2\/posts\/30417\/revisions\/30419"}],"wp:featuredmedia":[{"embeddable":true,"href":"https:\/\/radiowebmx.com\/nota\/wp-json\/wp\/v2\/media\/30418"}],"wp:attachment":[{"href":"https:\/\/radiowebmx.com\/nota\/wp-json\/wp\/v2\/media?parent=30417"}],"wp:term":[{"taxonomy":"category","embeddable":true,"href":"https:\/\/radiowebmx.com\/nota\/wp-json\/wp\/v2\/categories?post=30417"},{"taxonomy":"post_tag","embeddable":true,"href":"https:\/\/radiowebmx.com\/nota\/wp-json\/wp\/v2\/tags?post=30417"}],"curies":[{"name":"wp","href":"https:\/\/api.w.org\/{rel}","templated":true}]}}