{"id":30413,"date":"2017-01-26T14:06:42","date_gmt":"2017-01-26T20:06:42","guid":{"rendered":"https:\/\/radiowebmx.com\/nota\/?p=30413"},"modified":"2017-01-26T14:06:42","modified_gmt":"2017-01-26T20:06:42","slug":"legisladores-priistas-y-delegados-federales-en-coordinacion-para-bien-de-michoacan-2","status":"publish","type":"post","link":"https:\/\/radiowebmx.com\/nota\/legisladores-priistas-y-delegados-federales-en-coordinacion-para-bien-de-michoacan-2\/","title":{"rendered":"Legisladores pri\u00edstas y delegados federales en coordinaci\u00f3n para bien de Michoac\u00e1n"},"content":{"rendered":"<p><img loading=\"lazy\" decoding=\"async\" src=\"https:\/\/radiowebmx.com\/nota\/wp-content\/uploads\/2017\/01\/thumbnail_DSC_5455.jpg\" alt=\"thumbnail_DSC_5455\" width=\"709\" height=\"472\" class=\"alignleft size-full wp-image-30415\" srcset=\"https:\/\/radiowebmx.com\/nota\/wp-content\/uploads\/2017\/01\/thumbnail_DSC_5455.jpg 709w, https:\/\/radiowebmx.com\/nota\/wp-content\/uploads\/2017\/01\/thumbnail_DSC_5455-300x200.jpg 300w\" sizes=\"auto, (max-width: 709px) 100vw, 709px\" \/><\/p>\n<p>Morelia, Mich., a 26 de enero de 2017.- Los integrantes del Grupo Parlamentario del PRI en el Congreso del Estado, tienen muy clara la importancia de la coordinaci\u00f3n y el trabajo en equipo, para lograr un mayor beneficio social en favor de todos los michoacanos, se\u00f1al\u00f3 la diputada Adriana Hern\u00e1ndez \u00cd\u00f1iguez, coordinadora de la fracci\u00f3n tricolor.<\/p>\n<p>Lo anterior, en el marco de la reuni\u00f3n que sostuvieron los integrantes de la bancada priista con los delegados federales en la entidad, encabezados por el delegado de la Secretar\u00eda de Gobernaci\u00f3n, Enrique Martini Castillo.<\/p>\n<p>Los legisladores coincidieron en que este tipo de reuniones de trabajo ayudar\u00e1n a concretar acciones en beneficio de los michoacanos, adem\u00e1s de fortalecer los programas que el Gobierno Federal mantiene en la entidad como parte de su compromiso por seguir apoyando a Michoac\u00e1n.<\/p>\n<p>Durante el encuentro, los congresistas hablaron sobre el trabajo que realizar\u00e1n este a\u00f1o y mencionaron la importancia de seguir colaborando de manera conjunta con la Federaci\u00f3n, a trav\u00e9s de las delegaciones que tiene en Michoac\u00e1n, tal como se ha venido haciendo desde que arranc\u00f3 la legislatura.<\/p>\n<p>\u201cReconocemos el trabajo que los delegados est\u00e1n haciendo en la entidad y queremos ayudar a impulsar su labor, para hacer equipo y aterrizar todo el apoyo que el Gobierno Federal mantiene en Michoac\u00e1n\u201d, sentenci\u00f3 la tambi\u00e9n presidente de la Junta de Coordinaci\u00f3n Pol\u00edtica en el Congreso.<\/p>\n<p>Por su parte, los delegados refrendaron su compromiso de continuar trabajando a marchas forzadas, para seguir apoyando a la ciudadan\u00eda y mantener puentes de comunicaci\u00f3n con los diputados, a fin de conocer d\u00f3nde se necesita impulsar con m\u00e1s fuerza los programas federales.<\/p>\n<p>Ambas partes hicieron el acuerdo de mantener comunicaci\u00f3n constante y tomaron la reuni\u00f3n como punto de partida para aterrizar obras, acciones y apoyos en los distintos puntos que abarca la geograf\u00eda michoacana.<\/p>\n<p>A la reuni\u00f3n acudieron los diputados Juan Manuel Figueroa, Socorro Quintana, Rosy Miranda, Roberto Carlos L\u00f3pez, Roberto Maldonado, Sergio Ochoa, Yarab\u00ed \u00c1vila, Mario Armando Mendoza, Rosy de la Torre, Wilfrido L\u00e1zaro, Adriana Campos, Elo\u00edsa Berber y Raymundo Arreola.<\/p>\n<p>Asimismo, estuvieron presentes los delegados de CFE, Gustavo Garc\u00eda Huirache; de CONAFE, Alfredo Mart\u00ednez Corona; de CONAGUA, Oswaldo Rodr\u00edguez; del IMSS, Rom\u00e1n Acosta; del INAES, M\u00f3nica S\u00e1nchez; del INEA, Juan Jos\u00e9 D\u00edaz Barriga; del INEGI, Leobardo Gayt\u00e1n; del ISSSTE, Juan Evel Ch\u00e1vez; LICONSA, Ger\u00f3nimo Color Gasca; PROSPERA, Sara Concepci\u00f3n Rodr\u00edguez; SAGARPA, Jaime Rodr\u00edguez; SCT, Florentino Coalla; Secretar\u00eda de Econom\u00eda, Salvador Abud; SEDATU, Alfredo Fern\u00e1ndez Peri; SEMARNAT, Mauro Ram\u00f3n Ballesteros; SEP, Israel Barrios; e INFONAVIT, Julio Guajardo.<\/p>\n","protected":false},"excerpt":{"rendered":"<p>Los integrantes del Grupo Parlamentario del PRI en el Congreso del Estado, tienen muy clara la importancia de la coordinaci\u00f3n y el trabajo en equipo, para lograr un mayor beneficio social en favor de todos los michoacanos, se\u00f1al\u00f3 la diputada Adriana Hern\u00e1ndez \u00cd\u00f1iguez, coordinadora de la fracci\u00f3n tricolor.<\/p>\n","protected":false},"author":1,"featured_media":30415,"comment_status":"open","ping_status":"open","sticky":false,"template":"","format":"standard","meta":{"footnotes":""},"categories":[14,11,12],"tags":[],"class_list":["post-30413","post","type-post","status-publish","format-standard","has-post-thumbnail","hentry","category-destacadas","category-partidos-politicos","category-pri"],"_links":{"self":[{"href":"https:\/\/radiowebmx.com\/nota\/wp-json\/wp\/v2\/posts\/30413","targetHints":{"allow":["GET"]}}],"collection":[{"href":"https:\/\/radiowebmx.com\/nota\/wp-json\/wp\/v2\/posts"}],"about":[{"href":"https:\/\/radiowebmx.com\/nota\/wp-json\/wp\/v2\/types\/post"}],"author":[{"embeddable":true,"href":"https:\/\/radiowebmx.com\/nota\/wp-json\/wp\/v2\/users\/1"}],"replies":[{"embeddable":true,"href":"https:\/\/radiowebmx.com\/nota\/wp-json\/wp\/v2\/comments?post=30413"}],"version-history":[{"count":1,"href":"https:\/\/radiowebmx.com\/nota\/wp-json\/wp\/v2\/posts\/30413\/revisions"}],"predecessor-version":[{"id":30416,"href":"https:\/\/radiowebmx.com\/nota\/wp-json\/wp\/v2\/posts\/30413\/revisions\/30416"}],"wp:featuredmedia":[{"embeddable":true,"href":"https:\/\/radiowebmx.com\/nota\/wp-json\/wp\/v2\/media\/30415"}],"wp:attachment":[{"href":"https:\/\/radiowebmx.com\/nota\/wp-json\/wp\/v2\/media?parent=30413"}],"wp:term":[{"taxonomy":"category","embeddable":true,"href":"https:\/\/radiowebmx.com\/nota\/wp-json\/wp\/v2\/categories?post=30413"},{"taxonomy":"post_tag","embeddable":true,"href":"https:\/\/radiowebmx.com\/nota\/wp-json\/wp\/v2\/tags?post=30413"}],"curies":[{"name":"wp","href":"https:\/\/api.w.org\/{rel}","templated":true}]}}